{"id":1571,"date":"2024-05-06T10:31:30","date_gmt":"2024-05-06T10:31:30","guid":{"rendered":"https:\/\/fustatractada.com\/?p=1571"},"modified":"2026-03-16T15:59:32","modified_gmt":"2026-03-16T15:59:32","slug":"pasarelas-de-madera-tratada-para-exteriores-en-girona","status":"publish","type":"post","link":"https:\/\/fustatractada.com\/es\/pasarelas-de-madera-tratada-para-exteriores-en-girona\/","title":{"rendered":"Pasarelas de madera tratada para exterior"},"content":{"rendered":"\n<p>Fomentar la sostenibilidad y asegurar una integraci\u00f3n respetuosa con el entorno natural son factores clave en el desarrollo de las <a href=\"https:\/\/fustatractada.com\" target=\"_blank\" rel=\"noreferrer noopener\">infraestructuras modernas<\/a>. En Santaul\u00e0ria Equipaments Urbans estamos especializados en el dise\u00f1o y construcci\u00f3n de pasarelas de madera tratada, asegurando que parques, playas y jardines urbanos sean accesibles para todos realcen adem\u00e1s su belleza natural.<\/p>\n\n\n\n<div id=\"ez-toc-container\" class=\"ez-toc-v2_0_82_2 counter-hierarchy ez-toc-counter ez-toc-grey ez-toc-container-direction\">\n<div class=\"ez-toc-title-container\">\n<p class=\"ez-toc-title\" style=\"cursor:inherit\"><\/p>\n<span class=\"ez-toc-title-toggle\"><a href=\"#\" class=\"ez-toc-pull-right ez-toc-btn ez-toc-btn-xs ez-toc-btn-default ez-toc-toggle\" aria-label=\"Alternar tabla de contenidos\"><span class=\"ez-toc-js-icon-con\"><span class=\"\"><span class=\"eztoc-hide\" style=\"display:none;\">Toggle<\/span><span class=\"ez-toc-icon-toggle-span\"><svg style=\"fill: #999;color:#999\" xmlns=\"http:\/\/www.w3.org\/2000\/svg\" class=\"list-377408\" width=\"20px\" height=\"20px\" viewBox=\"0 0 24 24\" fill=\"none\"><path d=\"M6 6H4v2h2V6zm14 0H8v2h12V6zM4 11h2v2H4v-2zm16 0H8v2h12v-2zM4 16h2v2H4v-2zm16 0H8v2h12v-2z\" fill=\"currentColor\"><\/path><\/svg><svg style=\"fill: #999;color:#999\" class=\"arrow-unsorted-368013\" xmlns=\"http:\/\/www.w3.org\/2000\/svg\" width=\"10px\" height=\"10px\" viewBox=\"0 0 24 24\" version=\"1.2\" baseProfile=\"tiny\"><path d=\"M18.2 9.3l-6.2-6.3-6.2 6.3c-.2.2-.3.4-.3.7s.1.5.3.7c.2.2.4.3.7.3h11c.3 0 .5-.1.7-.3.2-.2.3-.5.3-.7s-.1-.5-.3-.7zM5.8 14.7l6.2 6.3 6.2-6.3c.2-.2.3-.5.3-.7s-.1-.5-.3-.7c-.2-.2-.4-.3-.7-.3h-11c-.3 0-.5.1-.7.3-.2.2-.3.5-.3.7s.1.5.3.7z\"\/><\/svg><\/span><\/span><\/span><\/a><\/span><\/div>\n<nav><ul class='ez-toc-list ez-toc-list-level-1 ' ><li class='ez-toc-page-1 ez-toc-heading-level-2'><a class=\"ez-toc-link ez-toc-heading-1\" href=\"https:\/\/fustatractada.com\/es\/pasarelas-de-madera-tratada-para-exteriores-en-girona\/#Pasarelas_de_madera_en_espacios_exteriores\" >Pasarelas de madera en espacios exteriores<\/a><\/li><li class='ez-toc-page-1 ez-toc-heading-level-2'><a class=\"ez-toc-link ez-toc-heading-2\" href=\"https:\/\/fustatractada.com\/es\/pasarelas-de-madera-tratada-para-exteriores-en-girona\/#Aplicaciones_adaptadas_en_diversos_entornos_naturales\" >Aplicaciones adaptadas en diversos entornos naturales<\/a><\/li><\/ul><\/nav><\/div>\n<h2 class=\"wp-block-heading\"><span class=\"ez-toc-section\" id=\"Pasarelas_de_madera_en_espacios_exteriores\"><\/span>Pasarelas de madera en espacios exteriores<span class=\"ez-toc-section-end\"><\/span><\/h2>\n\n\n\n<p><strong>Construcci\u00f3n sostenible y adaptabilidad ambienta.<\/strong> Las pasarelas de madera tratada no solo son visualmente atractivas, sino que tambi\u00e9n ofrecen gran resistencia contra las inclemencias del tiempo y el desgaste por el uso continuo. Este tipo de construcci\u00f3n est\u00e1 especialmente indicada para entornos naturales con el fin de minimizar el impacto ambiental.<\/p>\n\n\n\n<p><strong>Accesibilidad en diferentes terrenos<\/strong> Ya sea sobre arenas de playa, terrenos irregulares de parques o jardines urbanos, las pasarelas facilitan el acceso seguro y c\u00f3modo para todos los usuarios. Esta accesibilidad es fundamental para disfrutar plenamente de las \u00e1reas recreativas y naturales.<\/p>\n\n\n\n<p>En Santaul\u00e0ria Equipaments Urbans, la elecci\u00f3n de la madera para las pasarelas se realiza con meticulosa atenci\u00f3n a la calidad y la sostenibilidad para asegurar su durabilidad y resistencia a la putrefacci\u00f3n, los insectos y la humedad.<\/p>\n\n\n\n<p>Todos nuestros proyectos se adaptan a las necesidades espec\u00edficas del entorno y del cliente. Desde la fase de dise\u00f1o hasta la instalaci\u00f3n final, garantizamos un proceso eficiente y ajustado a los requerimientos del lugar y las preferencias del cliente.<\/p>\n\n\n\n<h2 class=\"wp-block-heading\"><span class=\"ez-toc-section\" id=\"Aplicaciones_adaptadas_en_diversos_entornos_naturales\"><\/span>Aplicaciones adaptadas en diversos entornos naturales<span class=\"ez-toc-section-end\"><\/span><\/h2>\n\n\n\n<p><strong>En parques naturales y zonas rurales<\/strong>, son ideales para cruzar barrancos o arroyos, conectando diferentes partes de un parque sin perturbar el ecosistema.<\/p>\n\n\n\n<p><strong>En playas<\/strong>, facilitan el acceso a las zonas de ba\u00f1o y ayudan a controlar el tr\u00e1fico de peatones, protegiendo la vegetaci\u00f3n y la vida silvestre locales.<\/p>\n\n\n\n<p><strong>En jardines urbanos<\/strong>, las pasarelas de madera tratada embellecen el paisaje urbano y ofrecen un camino resistente y seguro para los visitantes.<\/p>\n\n\n\n<p>Si est\u00e1s buscando c\u00f3mo mejorar la belleza y funcionalidad en entornos naturales, <a href=\"http:\/\/www.santaularia.eu\/actualidad\/construccion-de-una-pasarela-de-madera-tratada-a-una-riera-de-llanca\" target=\"_blank\" rel=\"noreferrer noopener\">contacta con nosotros<\/a> para informarte de todos los detalles. <\/p>\n","protected":false},"excerpt":{"rendered":"<p>Fomentar la sostenibilidad y asegurar una integraci\u00f3n respetuosa con el entorno natural son factores clave en el desarrollo de las&#8230;<\/p>\n","protected":false},"author":1,"featured_media":1573,"comment_status":"closed","ping_status":"closed","sticky":false,"template":"single-fullwidth.php","format":"standard","meta":{"footnotes":""},"categories":[241],"tags":[],"class_list":{"0":"post-1571","1":"post","2":"type-post","3":"status-publish","4":"format-standard","5":"has-post-thumbnail","7":"category-equipamiento-exterior"},"yoast_head":"<!-- This site is optimized with the Yoast SEO plugin v27.5 - https:\/\/yoast.com\/product\/yoast-seo-wordpress\/ -->\n<title>Pasarelas de madera tratada para exterior | Santaul\u00e0ria EU<\/title>\n<meta name=\"description\" content=\"Las pasarelas de madera tratada para exterior ofrecen una gran resistencia a las inclemencias clim\u00e1ticas y al desgaste por el uso continuo.\" \/>\n<meta name=\"robots\" content=\"index, follow, max-snippet:-1, max-image-preview:large, max-video-preview:-1\" \/>\n<link rel=\"canonical\" href=\"https:\/\/fustatractada.com\/es\/pasarelas-de-madera-tratada-para-exteriores-en-girona\/\" \/>\n<meta property=\"og:locale\" content=\"es_ES\" \/>\n<meta property=\"og:type\" content=\"article\" \/>\n<meta property=\"og:title\" content=\"Pasarelas de madera tratada para exterior | Santaul\u00e0ria EU\" \/>\n<meta property=\"og:description\" content=\"Las pasarelas de madera tratada para exterior ofrecen una gran resistencia a las inclemencias clim\u00e1ticas y al desgaste por el uso continuo.\" \/>\n<meta property=\"og:url\" content=\"https:\/\/fustatractada.com\/es\/pasarelas-de-madera-tratada-para-exteriores-en-girona\/\" \/>\n<meta property=\"og:site_name\" content=\"Santaul\u00e0ria Equipaments Urbans\" \/>\n<meta property=\"article:publisher\" content=\"https:\/\/www.facebook.com\/Santaularia.Equipaments.Urbans\" \/>\n<meta property=\"article:published_time\" content=\"2024-05-06T10:31:30+00:00\" \/>\n<meta property=\"article:modified_time\" content=\"2026-03-16T15:59:32+00:00\" \/>\n<meta property=\"og:image\" content=\"https:\/\/fustatractada.com\/wp-content\/uploads\/2024\/05\/pasareles-fusta-tractada.jpg\" \/>\n\t<meta property=\"og:image:width\" content=\"2000\" \/>\n\t<meta property=\"og:image:height\" content=\"1500\" \/>\n\t<meta property=\"og:image:type\" content=\"image\/jpeg\" \/>\n<meta name=\"author\" content=\"Santaul\u00e0ria EU\" \/>\n<meta name=\"twitter:card\" content=\"summary_large_image\" \/>\n<meta name=\"twitter:label1\" content=\"Escrito por\" \/>\n\t<meta name=\"twitter:data1\" content=\"Santaul\u00e0ria EU\" \/>\n\t<meta name=\"twitter:label2\" content=\"Tiempo de lectura\" \/>\n\t<meta name=\"twitter:data2\" content=\"2 minutos\" \/>\n<!-- \/ Yoast SEO plugin. -->","yoast_head_json":{"title":"Pasarelas de madera tratada para exterior | Santaul\u00e0ria EU","description":"Las pasarelas de madera tratada para exterior ofrecen una gran resistencia a las inclemencias clim\u00e1ticas y al desgaste por el uso continuo.","robots":{"index":"index","follow":"follow","max-snippet":"max-snippet:-1","max-image-preview":"max-image-preview:large","max-video-preview":"max-video-preview:-1"},"canonical":"https:\/\/fustatractada.com\/es\/pasarelas-de-madera-tratada-para-exteriores-en-girona\/","og_locale":"es_ES","og_type":"article","og_title":"Pasarelas de madera tratada para exterior | Santaul\u00e0ria EU","og_description":"Las pasarelas de madera tratada para exterior ofrecen una gran resistencia a las inclemencias clim\u00e1ticas y al desgaste por el uso continuo.","og_url":"https:\/\/fustatractada.com\/es\/pasarelas-de-madera-tratada-para-exteriores-en-girona\/","og_site_name":"Santaul\u00e0ria Equipaments Urbans","article_publisher":"https:\/\/www.facebook.com\/Santaularia.Equipaments.Urbans","article_published_time":"2024-05-06T10:31:30+00:00","article_modified_time":"2026-03-16T15:59:32+00:00","og_image":[{"width":2000,"height":1500,"url":"https:\/\/fustatractada.com\/wp-content\/uploads\/2024\/05\/pasareles-fusta-tractada.jpg","type":"image\/jpeg"}],"author":"Santaul\u00e0ria EU","twitter_card":"summary_large_image","twitter_misc":{"Escrito por":"Santaul\u00e0ria EU","Tiempo de lectura":"2 minutos"},"schema":{"@context":"https:\/\/schema.org","@graph":[{"@type":"Article","@id":"https:\/\/fustatractada.com\/es\/pasarelas-de-madera-tratada-para-exteriores-en-girona\/#article","isPartOf":{"@id":"https:\/\/fustatractada.com\/es\/pasarelas-de-madera-tratada-para-exteriores-en-girona\/"},"author":{"name":"Santaul\u00e0ria EU","@id":"https:\/\/fustatractada.com\/es\/#\/schema\/person\/92a8369f869bb051b92ce3a03bf0f88f"},"headline":"Pasarelas de madera tratada para exterior","datePublished":"2024-05-06T10:31:30+00:00","dateModified":"2026-03-16T15:59:32+00:00","mainEntityOfPage":{"@id":"https:\/\/fustatractada.com\/es\/pasarelas-de-madera-tratada-para-exteriores-en-girona\/"},"wordCount":354,"publisher":{"@id":"https:\/\/fustatractada.com\/es\/#organization"},"image":{"@id":"https:\/\/fustatractada.com\/es\/pasarelas-de-madera-tratada-para-exteriores-en-girona\/#primaryimage"},"thumbnailUrl":"https:\/\/fustatractada.com\/wp-content\/uploads\/2024\/05\/pasareles-fusta-tractada.jpg","articleSection":["Equipamiento exterior"],"inLanguage":"es"},{"@type":"WebPage","@id":"https:\/\/fustatractada.com\/es\/pasarelas-de-madera-tratada-para-exteriores-en-girona\/","url":"https:\/\/fustatractada.com\/es\/pasarelas-de-madera-tratada-para-exteriores-en-girona\/","name":"Pasarelas de madera tratada para exterior | Santaul\u00e0ria EU","isPartOf":{"@id":"https:\/\/fustatractada.com\/es\/#website"},"primaryImageOfPage":{"@id":"https:\/\/fustatractada.com\/es\/pasarelas-de-madera-tratada-para-exteriores-en-girona\/#primaryimage"},"image":{"@id":"https:\/\/fustatractada.com\/es\/pasarelas-de-madera-tratada-para-exteriores-en-girona\/#primaryimage"},"thumbnailUrl":"https:\/\/fustatractada.com\/wp-content\/uploads\/2024\/05\/pasareles-fusta-tractada.jpg","datePublished":"2024-05-06T10:31:30+00:00","dateModified":"2026-03-16T15:59:32+00:00","description":"Las pasarelas de madera tratada para exterior ofrecen una gran resistencia a las inclemencias clim\u00e1ticas y al desgaste por el uso continuo.","breadcrumb":{"@id":"https:\/\/fustatractada.com\/es\/pasarelas-de-madera-tratada-para-exteriores-en-girona\/#breadcrumb"},"inLanguage":"es","potentialAction":[{"@type":"ReadAction","target":["https:\/\/fustatractada.com\/es\/pasarelas-de-madera-tratada-para-exteriores-en-girona\/"]}]},{"@type":"ImageObject","inLanguage":"es","@id":"https:\/\/fustatractada.com\/es\/pasarelas-de-madera-tratada-para-exteriores-en-girona\/#primaryimage","url":"https:\/\/fustatractada.com\/wp-content\/uploads\/2024\/05\/pasareles-fusta-tractada.jpg","contentUrl":"https:\/\/fustatractada.com\/wp-content\/uploads\/2024\/05\/pasareles-fusta-tractada.jpg","width":2000,"height":1500,"caption":"Pasarelas de madera"},{"@type":"BreadcrumbList","@id":"https:\/\/fustatractada.com\/es\/pasarelas-de-madera-tratada-para-exteriores-en-girona\/#breadcrumb","itemListElement":[{"@type":"ListItem","position":1,"name":"Inici","item":"https:\/\/fustatractada.com\/es\/"},{"@type":"ListItem","position":2,"name":"Pasarelas de madera tratada para exterior"}]},{"@type":"WebSite","@id":"https:\/\/fustatractada.com\/es\/#website","url":"https:\/\/fustatractada.com\/es\/","name":"Santaul\u00e0ria Equipaments Urbans","description":"Fusta tractada per exterior","publisher":{"@id":"https:\/\/fustatractada.com\/es\/#organization"},"potentialAction":[{"@type":"SearchAction","target":{"@type":"EntryPoint","urlTemplate":"https:\/\/fustatractada.com\/es\/?s={search_term_string}"},"query-input":{"@type":"PropertyValueSpecification","valueRequired":true,"valueName":"search_term_string"}}],"inLanguage":"es"},{"@type":"Organization","@id":"https:\/\/fustatractada.com\/es\/#organization","name":"Santaul\u00e0ria Equipaments Urbans","url":"https:\/\/fustatractada.com\/es\/","logo":{"@type":"ImageObject","inLanguage":"es","@id":"https:\/\/fustatractada.com\/es\/#\/schema\/logo\/image\/","url":"https:\/\/fustatractada.com\/wp-content\/uploads\/2023\/11\/logo-1.png","contentUrl":"https:\/\/fustatractada.com\/wp-content\/uploads\/2023\/11\/logo-1.png","width":150,"height":103,"caption":"Santaul\u00e0ria Equipaments Urbans"},"image":{"@id":"https:\/\/fustatractada.com\/es\/#\/schema\/logo\/image\/"},"sameAs":["https:\/\/www.facebook.com\/Santaularia.Equipaments.Urbans","https:\/\/www.instagram.com\/santaularia_eu\/","https:\/\/es.linkedin.com\/company\/santaulariaequipamentsurbans"]},{"@type":"Person","@id":"https:\/\/fustatractada.com\/es\/#\/schema\/person\/92a8369f869bb051b92ce3a03bf0f88f","name":"Santaul\u00e0ria EU","image":{"@type":"ImageObject","inLanguage":"es","@id":"https:\/\/secure.gravatar.com\/avatar\/b7fb4cff0b30bb664a3fe8271f60c493235311eb1bb917d43fd79a61ae8e99f8?s=96&d=mm&r=g","url":"https:\/\/secure.gravatar.com\/avatar\/b7fb4cff0b30bb664a3fe8271f60c493235311eb1bb917d43fd79a61ae8e99f8?s=96&d=mm&r=g","contentUrl":"https:\/\/secure.gravatar.com\/avatar\/b7fb4cff0b30bb664a3fe8271f60c493235311eb1bb917d43fd79a61ae8e99f8?s=96&d=mm&r=g","caption":"Santaul\u00e0ria EU"},"sameAs":["https:\/\/fustatractada.com"]}]}},"menu_order":0,"_links":{"self":[{"href":"https:\/\/fustatractada.com\/es\/wp-json\/wp\/v2\/posts\/1571","targetHints":{"allow":["GET"]}}],"collection":[{"href":"https:\/\/fustatractada.com\/es\/wp-json\/wp\/v2\/posts"}],"about":[{"href":"https:\/\/fustatractada.com\/es\/wp-json\/wp\/v2\/types\/post"}],"author":[{"embeddable":true,"href":"https:\/\/fustatractada.com\/es\/wp-json\/wp\/v2\/users\/1"}],"replies":[{"embeddable":true,"href":"https:\/\/fustatractada.com\/es\/wp-json\/wp\/v2\/comments?post=1571"}],"version-history":[{"count":1,"href":"https:\/\/fustatractada.com\/es\/wp-json\/wp\/v2\/posts\/1571\/revisions"}],"predecessor-version":[{"id":13496,"href":"https:\/\/fustatractada.com\/es\/wp-json\/wp\/v2\/posts\/1571\/revisions\/13496"}],"wp:featuredmedia":[{"embeddable":true,"href":"https:\/\/fustatractada.com\/es\/wp-json\/wp\/v2\/media\/1573"}],"wp:attachment":[{"href":"https:\/\/fustatractada.com\/es\/wp-json\/wp\/v2\/media?parent=1571"}],"wp:term":[{"taxonomy":"category","embeddable":true,"href":"https:\/\/fustatractada.com\/es\/wp-json\/wp\/v2\/categories?post=1571"},{"taxonomy":"post_tag","embeddable":true,"href":"https:\/\/fustatractada.com\/es\/wp-json\/wp\/v2\/tags?post=1571"}],"curies":[{"name":"wp","href":"https:\/\/api.w.org\/{rel}","templated":true}]}}