{"id":1562,"date":"2024-04-22T15:44:05","date_gmt":"2024-04-22T15:44:05","guid":{"rendered":"https:\/\/fustatractada.com\/?p=1562"},"modified":"2026-03-16T16:00:05","modified_gmt":"2026-03-16T16:00:05","slug":"paneles-de-ocultacion-de-madera-tratada-para-exterior-girona","status":"publish","type":"post","link":"https:\/\/fustatractada.com\/es\/paneles-de-ocultacion-de-madera-tratada-para-exterior-girona\/","title":{"rendered":"Paneles de ocultaci\u00f3n de madera tratada para exterior"},"content":{"rendered":"\n<p>En el dise\u00f1o de espacios exteriores, la integraci\u00f3n de elementos funcionales con est\u00e9tica agradable es crucial. Los paneles de ocultaci\u00f3n de contenedores fabricados en <a href=\"https:\/\/fustatractada.com\" target=\"_blank\" rel=\"noreferrer noopener\">madera de pino tratada al autoclave <\/a>son la soluci\u00f3n perfecta para esto. No solo ofrecen una resistencia superior a las inclemencias del tiempo, sino que tambi\u00e9n contribuyen a una est\u00e9tica m\u00e1s ordenada y discreta.<\/p>\n\n\n\n<div id=\"ez-toc-container\" class=\"ez-toc-v2_0_82_2 counter-hierarchy ez-toc-counter ez-toc-grey ez-toc-container-direction\">\n<div class=\"ez-toc-title-container\">\n<p class=\"ez-toc-title\" style=\"cursor:inherit\"><\/p>\n<span class=\"ez-toc-title-toggle\"><a href=\"#\" class=\"ez-toc-pull-right ez-toc-btn ez-toc-btn-xs ez-toc-btn-default ez-toc-toggle\" aria-label=\"Alternar tabla de contenidos\"><span class=\"ez-toc-js-icon-con\"><span class=\"\"><span class=\"eztoc-hide\" style=\"display:none;\">Toggle<\/span><span class=\"ez-toc-icon-toggle-span\"><svg style=\"fill: #999;color:#999\" xmlns=\"http:\/\/www.w3.org\/2000\/svg\" class=\"list-377408\" width=\"20px\" height=\"20px\" viewBox=\"0 0 24 24\" fill=\"none\"><path d=\"M6 6H4v2h2V6zm14 0H8v2h12V6zM4 11h2v2H4v-2zm16 0H8v2h12v-2zM4 16h2v2H4v-2zm16 0H8v2h12v-2z\" fill=\"currentColor\"><\/path><\/svg><svg style=\"fill: #999;color:#999\" class=\"arrow-unsorted-368013\" xmlns=\"http:\/\/www.w3.org\/2000\/svg\" width=\"10px\" height=\"10px\" viewBox=\"0 0 24 24\" version=\"1.2\" baseProfile=\"tiny\"><path d=\"M18.2 9.3l-6.2-6.3-6.2 6.3c-.2.2-.3.4-.3.7s.1.5.3.7c.2.2.4.3.7.3h11c.3 0 .5-.1.7-.3.2-.2.3-.5.3-.7s-.1-.5-.3-.7zM5.8 14.7l6.2 6.3 6.2-6.3c.2-.2.3-.5.3-.7s-.1-.5-.3-.7c-.2-.2-.4-.3-.7-.3h-11c-.3 0-.5.1-.7.3-.2.2-.3.5-.3.7s.1.5.3.7z\"\/><\/svg><\/span><\/span><\/span><\/a><\/span><\/div>\n<nav><ul class='ez-toc-list ez-toc-list-level-1 ' ><li class='ez-toc-page-1 ez-toc-heading-level-3'><a class=\"ez-toc-link ez-toc-heading-1\" href=\"https:\/\/fustatractada.com\/es\/paneles-de-ocultacion-de-madera-tratada-para-exterior-girona\/#Composicion_y_materiales\" >Composici\u00f3n y materiales<\/a><\/li><li class='ez-toc-page-1 ez-toc-heading-level-3'><a class=\"ez-toc-link ez-toc-heading-2\" href=\"https:\/\/fustatractada.com\/es\/paneles-de-ocultacion-de-madera-tratada-para-exterior-girona\/#Personalizacion_y_funcionalidad\" >Personalizaci\u00f3n y funcionalidad<\/a><\/li><\/ul><\/nav><\/div>\n<h3 class=\"wp-block-heading\"><span class=\"ez-toc-section\" id=\"Composicion_y_materiales\"><\/span>Composici\u00f3n y materiales<span class=\"ez-toc-section-end\"><\/span><\/h3>\n\n\n\n<p>Los paneles para la ocultaci\u00f3n de contenedores se componen de tres elementos principales: perfiles horizontales, el panel de ocultaci\u00f3n y postes de madera. Estos paneles est\u00e1n elaborados con madera de pino, la cual ha sido tratada mediante el proceso de autoclave para asegurar su durabilidad. Este tratamiento protege la madera contra la humedad, la putrefacci\u00f3n y los ataques de insectos, garantizando la longevidad del panel en cualquier clima.<\/p>\n\n\n\n<h3 class=\"wp-block-heading\"><span class=\"ez-toc-section\" id=\"Personalizacion_y_funcionalidad\"><\/span>Personalizaci\u00f3n y funcionalidad<span class=\"ez-toc-section-end\"><\/span><\/h3>\n\n\n\n<p>Estos paneles de ocultaci\u00f3n no solo son pr\u00e1cticos sino que tambi\u00e9n son altamente personalizables. Los usuarios pueden elegir la disposici\u00f3n de los perfiles de madera\u2014horizontal o vertical\u2014y optar por configuraciones de una cara o doble cara, con o sin puertas. Adem\u00e1s, ofrecen la posibilidad de ser completamente opacos o transpirables, seg\u00fan las necesidades de privacidad y ventilaci\u00f3n del espacio.<\/p>\n\n\n\n<p>Los paneles son ideales para ocultar una variedad de elementos, desde estaciones meteorol\u00f3gicas y aires acondicionados hasta dep\u00f3sitos de agua y motores de piscina. Tambi\u00e9n pueden utilizarse como soportes para diversos materiales, combinando funcionalidad con est\u00e9tica.<\/p>\n\n\n\n<p>En SANTAUL\u00c0RIA EQUIPAMENTS URBANS, estamos especializados en aportar soluciones a medida que no solo resuelven necesidades funcionales sino que tambi\u00e9n embellecen los espacios exteriores. Para <a href=\"http:\/\/www.santaularia.eu\/productos\/cerramientos-para-exterior\/madera-tratada\/ocultacion-de-contenedores-1\" target=\"_blank\" rel=\"noreferrer noopener\">m\u00e1s informaci\u00f3n<\/a> sobre c\u00f3mo nuestros paneles de ocultaci\u00f3n pueden transformar su entorno exterior, te invitamos a visitar nuestra p\u00e1gina web o contactar directamente con nosotros.<\/p>\n","protected":false},"excerpt":{"rendered":"<p>En el dise\u00f1o de espacios exteriores, la integraci\u00f3n de elementos funcionales con est\u00e9tica agradable es crucial. Los paneles de ocultaci\u00f3n&#8230;<\/p>\n","protected":false},"author":1,"featured_media":1564,"comment_status":"closed","ping_status":"closed","sticky":false,"template":"single-fullwidth.php","format":"standard","meta":{"footnotes":""},"categories":[241],"tags":[],"class_list":{"0":"post-1562","1":"post","2":"type-post","3":"status-publish","4":"format-standard","5":"has-post-thumbnail","7":"category-equipamiento-exterior"},"yoast_head":"<!-- This site is optimized with the Yoast SEO plugin v27.5 - https:\/\/yoast.com\/product\/yoast-seo-wordpress\/ -->\n<title>Paneles de ocultaci\u00f3n de madera tratada para exterior | Santaul\u00e0ria<\/title>\n<meta name=\"description\" content=\"Paneles de ocultaci\u00f3n de contenedores fabricados en madera de pino tratada al autoclave. La soluci\u00f3n perfecta para embellecer exteriores.\" \/>\n<meta name=\"robots\" content=\"index, follow, max-snippet:-1, max-image-preview:large, max-video-preview:-1\" \/>\n<link rel=\"canonical\" href=\"https:\/\/fustatractada.com\/es\/paneles-de-ocultacion-de-madera-tratada-para-exterior-girona\/\" \/>\n<meta property=\"og:locale\" content=\"es_ES\" \/>\n<meta property=\"og:type\" content=\"article\" \/>\n<meta property=\"og:title\" content=\"Paneles de ocultaci\u00f3n de madera tratada para exterior | Santaul\u00e0ria\" \/>\n<meta property=\"og:description\" content=\"Paneles de ocultaci\u00f3n de contenedores fabricados en madera de pino tratada al autoclave. La soluci\u00f3n perfecta para embellecer exteriores.\" \/>\n<meta property=\"og:url\" content=\"https:\/\/fustatractada.com\/es\/paneles-de-ocultacion-de-madera-tratada-para-exterior-girona\/\" \/>\n<meta property=\"og:site_name\" content=\"Santaul\u00e0ria Equipaments Urbans\" \/>\n<meta property=\"article:publisher\" content=\"https:\/\/www.facebook.com\/Santaularia.Equipaments.Urbans\" \/>\n<meta property=\"article:published_time\" content=\"2024-04-22T15:44:05+00:00\" \/>\n<meta property=\"article:modified_time\" content=\"2026-03-16T16:00:05+00:00\" \/>\n<meta property=\"og:image\" content=\"https:\/\/fustatractada.com\/wp-content\/uploads\/2024\/04\/paneles-ocultacion.jpg\" \/>\n\t<meta property=\"og:image:width\" content=\"700\" \/>\n\t<meta property=\"og:image:height\" content=\"537\" \/>\n\t<meta property=\"og:image:type\" content=\"image\/jpeg\" \/>\n<meta name=\"author\" content=\"Santaul\u00e0ria EU\" \/>\n<meta name=\"twitter:card\" content=\"summary_large_image\" \/>\n<meta name=\"twitter:label1\" content=\"Escrito por\" \/>\n\t<meta name=\"twitter:data1\" content=\"Santaul\u00e0ria EU\" \/>\n\t<meta name=\"twitter:label2\" content=\"Tiempo de lectura\" \/>\n\t<meta name=\"twitter:data2\" content=\"2 minutos\" \/>\n<!-- \/ Yoast SEO plugin. -->","yoast_head_json":{"title":"Paneles de ocultaci\u00f3n de madera tratada para exterior | Santaul\u00e0ria","description":"Paneles de ocultaci\u00f3n de contenedores fabricados en madera de pino tratada al autoclave. La soluci\u00f3n perfecta para embellecer exteriores.","robots":{"index":"index","follow":"follow","max-snippet":"max-snippet:-1","max-image-preview":"max-image-preview:large","max-video-preview":"max-video-preview:-1"},"canonical":"https:\/\/fustatractada.com\/es\/paneles-de-ocultacion-de-madera-tratada-para-exterior-girona\/","og_locale":"es_ES","og_type":"article","og_title":"Paneles de ocultaci\u00f3n de madera tratada para exterior | Santaul\u00e0ria","og_description":"Paneles de ocultaci\u00f3n de contenedores fabricados en madera de pino tratada al autoclave. La soluci\u00f3n perfecta para embellecer exteriores.","og_url":"https:\/\/fustatractada.com\/es\/paneles-de-ocultacion-de-madera-tratada-para-exterior-girona\/","og_site_name":"Santaul\u00e0ria Equipaments Urbans","article_publisher":"https:\/\/www.facebook.com\/Santaularia.Equipaments.Urbans","article_published_time":"2024-04-22T15:44:05+00:00","article_modified_time":"2026-03-16T16:00:05+00:00","og_image":[{"width":700,"height":537,"url":"https:\/\/fustatractada.com\/wp-content\/uploads\/2024\/04\/paneles-ocultacion.jpg","type":"image\/jpeg"}],"author":"Santaul\u00e0ria EU","twitter_card":"summary_large_image","twitter_misc":{"Escrito por":"Santaul\u00e0ria EU","Tiempo de lectura":"2 minutos"},"schema":{"@context":"https:\/\/schema.org","@graph":[{"@type":"Article","@id":"https:\/\/fustatractada.com\/es\/paneles-de-ocultacion-de-madera-tratada-para-exterior-girona\/#article","isPartOf":{"@id":"https:\/\/fustatractada.com\/es\/paneles-de-ocultacion-de-madera-tratada-para-exterior-girona\/"},"author":{"name":"Santaul\u00e0ria EU","@id":"https:\/\/fustatractada.com\/es\/#\/schema\/person\/92a8369f869bb051b92ce3a03bf0f88f"},"headline":"Paneles de ocultaci\u00f3n de madera tratada para exterior","datePublished":"2024-04-22T15:44:05+00:00","dateModified":"2026-03-16T16:00:05+00:00","mainEntityOfPage":{"@id":"https:\/\/fustatractada.com\/es\/paneles-de-ocultacion-de-madera-tratada-para-exterior-girona\/"},"wordCount":320,"publisher":{"@id":"https:\/\/fustatractada.com\/es\/#organization"},"image":{"@id":"https:\/\/fustatractada.com\/es\/paneles-de-ocultacion-de-madera-tratada-para-exterior-girona\/#primaryimage"},"thumbnailUrl":"https:\/\/fustatractada.com\/wp-content\/uploads\/2024\/04\/paneles-ocultacion.jpg","articleSection":["Equipamiento exterior"],"inLanguage":"es"},{"@type":"WebPage","@id":"https:\/\/fustatractada.com\/es\/paneles-de-ocultacion-de-madera-tratada-para-exterior-girona\/","url":"https:\/\/fustatractada.com\/es\/paneles-de-ocultacion-de-madera-tratada-para-exterior-girona\/","name":"Paneles de ocultaci\u00f3n de madera tratada para exterior | Santaul\u00e0ria","isPartOf":{"@id":"https:\/\/fustatractada.com\/es\/#website"},"primaryImageOfPage":{"@id":"https:\/\/fustatractada.com\/es\/paneles-de-ocultacion-de-madera-tratada-para-exterior-girona\/#primaryimage"},"image":{"@id":"https:\/\/fustatractada.com\/es\/paneles-de-ocultacion-de-madera-tratada-para-exterior-girona\/#primaryimage"},"thumbnailUrl":"https:\/\/fustatractada.com\/wp-content\/uploads\/2024\/04\/paneles-ocultacion.jpg","datePublished":"2024-04-22T15:44:05+00:00","dateModified":"2026-03-16T16:00:05+00:00","description":"Paneles de ocultaci\u00f3n de contenedores fabricados en madera de pino tratada al autoclave. La soluci\u00f3n perfecta para embellecer exteriores.","breadcrumb":{"@id":"https:\/\/fustatractada.com\/es\/paneles-de-ocultacion-de-madera-tratada-para-exterior-girona\/#breadcrumb"},"inLanguage":"es","potentialAction":[{"@type":"ReadAction","target":["https:\/\/fustatractada.com\/es\/paneles-de-ocultacion-de-madera-tratada-para-exterior-girona\/"]}]},{"@type":"ImageObject","inLanguage":"es","@id":"https:\/\/fustatractada.com\/es\/paneles-de-ocultacion-de-madera-tratada-para-exterior-girona\/#primaryimage","url":"https:\/\/fustatractada.com\/wp-content\/uploads\/2024\/04\/paneles-ocultacion.jpg","contentUrl":"https:\/\/fustatractada.com\/wp-content\/uploads\/2024\/04\/paneles-ocultacion.jpg","width":700,"height":537},{"@type":"BreadcrumbList","@id":"https:\/\/fustatractada.com\/es\/paneles-de-ocultacion-de-madera-tratada-para-exterior-girona\/#breadcrumb","itemListElement":[{"@type":"ListItem","position":1,"name":"Inici","item":"https:\/\/fustatractada.com\/es\/"},{"@type":"ListItem","position":2,"name":"Paneles de ocultaci\u00f3n de madera tratada para exterior"}]},{"@type":"WebSite","@id":"https:\/\/fustatractada.com\/es\/#website","url":"https:\/\/fustatractada.com\/es\/","name":"Santaul\u00e0ria Equipaments Urbans","description":"Fusta tractada per exterior","publisher":{"@id":"https:\/\/fustatractada.com\/es\/#organization"},"potentialAction":[{"@type":"SearchAction","target":{"@type":"EntryPoint","urlTemplate":"https:\/\/fustatractada.com\/es\/?s={search_term_string}"},"query-input":{"@type":"PropertyValueSpecification","valueRequired":true,"valueName":"search_term_string"}}],"inLanguage":"es"},{"@type":"Organization","@id":"https:\/\/fustatractada.com\/es\/#organization","name":"Santaul\u00e0ria Equipaments Urbans","url":"https:\/\/fustatractada.com\/es\/","logo":{"@type":"ImageObject","inLanguage":"es","@id":"https:\/\/fustatractada.com\/es\/#\/schema\/logo\/image\/","url":"https:\/\/fustatractada.com\/wp-content\/uploads\/2023\/11\/logo-1.png","contentUrl":"https:\/\/fustatractada.com\/wp-content\/uploads\/2023\/11\/logo-1.png","width":150,"height":103,"caption":"Santaul\u00e0ria Equipaments Urbans"},"image":{"@id":"https:\/\/fustatractada.com\/es\/#\/schema\/logo\/image\/"},"sameAs":["https:\/\/www.facebook.com\/Santaularia.Equipaments.Urbans","https:\/\/www.instagram.com\/santaularia_eu\/","https:\/\/es.linkedin.com\/company\/santaulariaequipamentsurbans"]},{"@type":"Person","@id":"https:\/\/fustatractada.com\/es\/#\/schema\/person\/92a8369f869bb051b92ce3a03bf0f88f","name":"Santaul\u00e0ria EU","image":{"@type":"ImageObject","inLanguage":"es","@id":"https:\/\/secure.gravatar.com\/avatar\/b7fb4cff0b30bb664a3fe8271f60c493235311eb1bb917d43fd79a61ae8e99f8?s=96&d=mm&r=g","url":"https:\/\/secure.gravatar.com\/avatar\/b7fb4cff0b30bb664a3fe8271f60c493235311eb1bb917d43fd79a61ae8e99f8?s=96&d=mm&r=g","contentUrl":"https:\/\/secure.gravatar.com\/avatar\/b7fb4cff0b30bb664a3fe8271f60c493235311eb1bb917d43fd79a61ae8e99f8?s=96&d=mm&r=g","caption":"Santaul\u00e0ria EU"},"sameAs":["https:\/\/fustatractada.com"]}]}},"menu_order":0,"_links":{"self":[{"href":"https:\/\/fustatractada.com\/es\/wp-json\/wp\/v2\/posts\/1562","targetHints":{"allow":["GET"]}}],"collection":[{"href":"https:\/\/fustatractada.com\/es\/wp-json\/wp\/v2\/posts"}],"about":[{"href":"https:\/\/fustatractada.com\/es\/wp-json\/wp\/v2\/types\/post"}],"author":[{"embeddable":true,"href":"https:\/\/fustatractada.com\/es\/wp-json\/wp\/v2\/users\/1"}],"replies":[{"embeddable":true,"href":"https:\/\/fustatractada.com\/es\/wp-json\/wp\/v2\/comments?post=1562"}],"version-history":[{"count":1,"href":"https:\/\/fustatractada.com\/es\/wp-json\/wp\/v2\/posts\/1562\/revisions"}],"predecessor-version":[{"id":13497,"href":"https:\/\/fustatractada.com\/es\/wp-json\/wp\/v2\/posts\/1562\/revisions\/13497"}],"wp:featuredmedia":[{"embeddable":true,"href":"https:\/\/fustatractada.com\/es\/wp-json\/wp\/v2\/media\/1564"}],"wp:attachment":[{"href":"https:\/\/fustatractada.com\/es\/wp-json\/wp\/v2\/media?parent=1562"}],"wp:term":[{"taxonomy":"category","embeddable":true,"href":"https:\/\/fustatractada.com\/es\/wp-json\/wp\/v2\/categories?post=1562"},{"taxonomy":"post_tag","embeddable":true,"href":"https:\/\/fustatractada.com\/es\/wp-json\/wp\/v2\/tags?post=1562"}],"curies":[{"name":"wp","href":"https:\/\/api.w.org\/{rel}","templated":true}]}}