{"id":1537,"date":"2024-03-28T09:49:22","date_gmt":"2024-03-28T09:49:22","guid":{"rendered":"https:\/\/fustatractada.com\/?p=1537"},"modified":"2026-03-16T16:00:34","modified_gmt":"2026-03-16T16:00:34","slug":"vallas-de-madera-tratada-jardines-parques-infantiles","status":"publish","type":"post","link":"https:\/\/fustatractada.com\/es\/vallas-de-madera-tratada-jardines-parques-infantiles\/","title":{"rendered":"Vallas de madera tratada para jardines y parques infantiles"},"content":{"rendered":"\n<p>En Santaul\u00e0ria Equipaments Urbans estamos especializados en el dise\u00f1o de vallas de madera tratada para jardines y parques infantiles, tanto p\u00fablicos como privados.<\/p>\n\n\n\n<p>Las vallas de madera tratada no solo cumplen una funci\u00f3n pr\u00e1ctica al delimitar espacios y ofrecer seguridad, sino que tambi\u00e9n a\u00f1aden un toque est\u00e9tico y natural a cualquier jard\u00edn o parque infantil. La combinaci\u00f3n entre funcionalidad, durabilidad y belleza, las convierte en una gran elecci\u00f3n para quienes buscan armonizar el dise\u00f1o con la seguridad.<\/p>\n\n\n\n<div id=\"ez-toc-container\" class=\"ez-toc-v2_0_82_2 counter-hierarchy ez-toc-counter ez-toc-grey ez-toc-container-direction\">\n<div class=\"ez-toc-title-container\">\n<p class=\"ez-toc-title\" style=\"cursor:inherit\"><\/p>\n<span class=\"ez-toc-title-toggle\"><a href=\"#\" class=\"ez-toc-pull-right ez-toc-btn ez-toc-btn-xs ez-toc-btn-default ez-toc-toggle\" aria-label=\"Alternar tabla de contenidos\"><span class=\"ez-toc-js-icon-con\"><span class=\"\"><span class=\"eztoc-hide\" style=\"display:none;\">Toggle<\/span><span class=\"ez-toc-icon-toggle-span\"><svg style=\"fill: #999;color:#999\" xmlns=\"http:\/\/www.w3.org\/2000\/svg\" class=\"list-377408\" width=\"20px\" height=\"20px\" viewBox=\"0 0 24 24\" fill=\"none\"><path d=\"M6 6H4v2h2V6zm14 0H8v2h12V6zM4 11h2v2H4v-2zm16 0H8v2h12v-2zM4 16h2v2H4v-2zm16 0H8v2h12v-2z\" fill=\"currentColor\"><\/path><\/svg><svg style=\"fill: #999;color:#999\" class=\"arrow-unsorted-368013\" xmlns=\"http:\/\/www.w3.org\/2000\/svg\" width=\"10px\" height=\"10px\" viewBox=\"0 0 24 24\" version=\"1.2\" baseProfile=\"tiny\"><path d=\"M18.2 9.3l-6.2-6.3-6.2 6.3c-.2.2-.3.4-.3.7s.1.5.3.7c.2.2.4.3.7.3h11c.3 0 .5-.1.7-.3.2-.2.3-.5.3-.7s-.1-.5-.3-.7zM5.8 14.7l6.2 6.3 6.2-6.3c.2-.2.3-.5.3-.7s-.1-.5-.3-.7c-.2-.2-.4-.3-.7-.3h-11c-.3 0-.5.1-.7.3-.2.2-.3.5-.3.7s.1.5.3.7z\"\/><\/svg><\/span><\/span><\/span><\/a><\/span><\/div>\n<nav><ul class='ez-toc-list ez-toc-list-level-1 ' ><li class='ez-toc-page-1 ez-toc-heading-level-2'><a class=\"ez-toc-link ez-toc-heading-1\" href=\"https:\/\/fustatractada.com\/es\/vallas-de-madera-tratada-jardines-parques-infantiles\/#Durabilidad_y_tratamiento\" >Durabilidad y tratamiento<\/a><\/li><li class='ez-toc-page-1 ez-toc-heading-level-2'><a class=\"ez-toc-link ez-toc-heading-2\" href=\"https:\/\/fustatractada.com\/es\/vallas-de-madera-tratada-jardines-parques-infantiles\/#Seguridad_y_privacidad\" >Seguridad y privacidad<\/a><\/li><li class='ez-toc-page-1 ez-toc-heading-level-2'><a class=\"ez-toc-link ez-toc-heading-3\" href=\"https:\/\/fustatractada.com\/es\/vallas-de-madera-tratada-jardines-parques-infantiles\/#Vallas_de_madera_estetica_natural_en_jardines_y_parques_infantiles\" >Vallas de madera: est\u00e9tica natural en jardines y parques infantiles<\/a><\/li><\/ul><\/nav><\/div>\n<h2 class=\"wp-block-heading\"><span class=\"ez-toc-section\" id=\"Durabilidad_y_tratamiento\"><\/span>Durabilidad y tratamiento<span class=\"ez-toc-section-end\"><\/span><\/h2>\n\n\n\n<p>La madera tratada est\u00e1 dise\u00f1ada para resistir los rigores del clima y los ataques de plagas, gracias al tratamiento al autoclave. Este tratamiento asegura una larga vida \u00fatil para las vallas, manteni\u00e9ndolas robustas y est\u00e9ticamente agradables a lo largo de los a\u00f1os. La capacidad de la madera tratada para soportar la humedad y el sol es especialmente valiosa en espacios al aire libre, donde el material est\u00e1 constantemente expuesto a elementos naturales.<\/p>\n\n\n\n<h2 class=\"wp-block-heading\"><span class=\"ez-toc-section\" id=\"Seguridad_y_privacidad\"><\/span>Seguridad y privacidad<span class=\"ez-toc-section-end\"><\/span><\/h2>\n\n\n\n<p>Para jardines y parques infantiles, la seguridad es una prioridad. Las vallas de madera tratada ofrecen un cercado s\u00f3lido y fiable, asegurando un entorno seguro para que los ni\u00f1os jueguen y los adultos se relajen. Adem\u00e1s, estas vallas proporcionan privacidad, creando un refugio tranquilo y personal en espacios abiertos.<\/p>\n\n\n\n<h2 class=\"wp-block-heading\"><span class=\"ez-toc-section\" id=\"Vallas_de_madera_estetica_natural_en_jardines_y_parques_infantiles\"><\/span>Vallas de madera: est\u00e9tica natural en jardines y parques infantiles<span class=\"ez-toc-section-end\"><\/span><\/h2>\n\n\n\n<p>La belleza natural de la madera hace que las vallas tratadas sean especialmente atractivas. Complementan y realzan el paisaje verde de jardines y parques infantiles, integr\u00e1ndose armoniosamente con el entorno. Disponibles en una variedad de estilos, las vallas de madera tratada para jardines y parques infantiles pueden adaptarse a cualquier gusto o necesidad est\u00e9tica.<\/p>\n\n\n\n<p>Como ejemplo, pod\u00e9is ver una de las \u00faltimas intervenciones de <a href=\"https:\/\/fustatractada.com\" target=\"_blank\" rel=\"noreferrer noopener\">Santaul\u00e0ria Equipaments Urbans<\/a> en este camping en Cadaqu\u00e9s, instalando vallas de barrotes en varias \u00e1reas, como el parque infantil, garantizando un espacio seguro y alegre para los m\u00e1s peque\u00f1os y pensando en cada detalle para embellecer y mejorar la experiencia de sus visitantes.<\/p>\n\n\n\n<div style=\"height:30px\" aria-hidden=\"true\" class=\"wp-block-spacer\"><\/div>\n\n\n\n<figure class=\"wp-block-gallery alignwide has-nested-images columns-default is-cropped wp-block-gallery-1 is-layout-flex wp-block-gallery-is-layout-flex\">\n<figure class=\"wp-block-image size-full\"><img fetchpriority=\"high\" width=\"940\" height=\"788\" data-id=\"1538\" src=\"https:\/\/fustatractada.com\/wp-content\/uploads\/2024\/03\/valla-madera-tratada.png\" alt=\"\" class=\"wp-image-1538\" srcset=\"https:\/\/fustatractada.com\/wp-content\/uploads\/2024\/03\/valla-madera-tratada.png 940w, https:\/\/fustatractada.com\/wp-content\/uploads\/2024\/03\/valla-madera-tratada-300x251.png 300w, https:\/\/fustatractada.com\/wp-content\/uploads\/2024\/03\/valla-madera-tratada-768x644.png 768w\" sizes=\"(max-width: 940px) 100vw, 940px\" \/><\/figure>\n\n\n\n<figure class=\"wp-block-image size-full\"><img width=\"940\" height=\"788\" data-id=\"1540\" src=\"https:\/\/fustatractada.com\/wp-content\/uploads\/2024\/03\/palos-madera-tratada.png\" alt=\"\" class=\"wp-image-1540\" srcset=\"https:\/\/fustatractada.com\/wp-content\/uploads\/2024\/03\/palos-madera-tratada.png 940w, https:\/\/fustatractada.com\/wp-content\/uploads\/2024\/03\/palos-madera-tratada-300x251.png 300w, https:\/\/fustatractada.com\/wp-content\/uploads\/2024\/03\/palos-madera-tratada-768x644.png 768w\" sizes=\"(max-width: 940px) 100vw, 940px\" \/><\/figure>\n<\/figure>\n\n\n\n<div style=\"height:30px\" aria-hidden=\"true\" class=\"wp-block-spacer\"><\/div>\n\n\n\n<p>En conclusi\u00f3n, las vallas de madera tratada son una excelente opci\u00f3n para delimitar y embellecer jardines y parques infantiles. Su durabilidad, seguridad, y est\u00e9tica natural las convierten en una inversi\u00f3n inteligente para cualquier espacio exterior.<\/p>\n\n\n\n<p>Para m\u00e1s informaci\u00f3n, <a href=\"http:\/\/www.santaularia.eu\/contacto\" target=\"_blank\" rel=\"noreferrer noopener\">contacta con nosotros<\/a>.<\/p>\n\n\n\n<div style=\"height:30px\" aria-hidden=\"true\" class=\"wp-block-spacer\"><\/div>\n","protected":false},"excerpt":{"rendered":"<p>En Santaul\u00e0ria Equipaments Urbans estamos especializados en el dise\u00f1o de vallas de madera tratada para jardines y parques infantiles, tanto&#8230;<\/p>\n","protected":false},"author":1,"featured_media":1542,"comment_status":"closed","ping_status":"closed","sticky":false,"template":"single-fullwidth.php","format":"standard","meta":{"footnotes":""},"categories":[245],"tags":[],"class_list":{"0":"post-1537","1":"post","2":"type-post","3":"status-publish","4":"format-standard","5":"has-post-thumbnail","7":"category-cerramientos-para-exterior"},"yoast_head":"<!-- This site is optimized with the Yoast SEO plugin v27.5 - https:\/\/yoast.com\/product\/yoast-seo-wordpress\/ -->\n<title>Vallas de madera tratada para jardines y parques infantiles<\/title>\n<meta name=\"description\" content=\"En Santaul\u00e0ria Equipaments Urbans estamos especializados en el dise\u00f1o de vallas de madera tratada para jardines y parques infantiles.\" \/>\n<meta name=\"robots\" content=\"index, follow, max-snippet:-1, max-image-preview:large, max-video-preview:-1\" \/>\n<link rel=\"canonical\" href=\"https:\/\/fustatractada.com\/es\/vallas-de-madera-tratada-jardines-parques-infantiles\/\" \/>\n<meta property=\"og:locale\" content=\"es_ES\" \/>\n<meta property=\"og:type\" content=\"article\" \/>\n<meta property=\"og:title\" content=\"Vallas de madera tratada para jardines y parques infantiles\" \/>\n<meta property=\"og:description\" content=\"En Santaul\u00e0ria Equipaments Urbans estamos especializados en el dise\u00f1o de vallas de madera tratada para jardines y parques infantiles.\" \/>\n<meta property=\"og:url\" content=\"https:\/\/fustatractada.com\/es\/vallas-de-madera-tratada-jardines-parques-infantiles\/\" \/>\n<meta property=\"og:site_name\" content=\"Santaul\u00e0ria Equipaments Urbans\" \/>\n<meta property=\"article:publisher\" content=\"https:\/\/www.facebook.com\/Santaularia.Equipaments.Urbans\" \/>\n<meta property=\"article:published_time\" content=\"2024-03-28T09:49:22+00:00\" \/>\n<meta property=\"article:modified_time\" content=\"2026-03-16T16:00:34+00:00\" \/>\n<meta property=\"og:image\" content=\"https:\/\/fustatractada.com\/wp-content\/uploads\/2024\/03\/vallas-madera.png\" \/>\n\t<meta property=\"og:image:width\" content=\"940\" \/>\n\t<meta property=\"og:image:height\" content=\"788\" \/>\n\t<meta property=\"og:image:type\" content=\"image\/png\" \/>\n<meta name=\"author\" content=\"Santaul\u00e0ria EU\" \/>\n<meta name=\"twitter:card\" content=\"summary_large_image\" \/>\n<meta name=\"twitter:label1\" content=\"Escrito por\" \/>\n\t<meta name=\"twitter:data1\" content=\"Santaul\u00e0ria EU\" \/>\n\t<meta name=\"twitter:label2\" content=\"Tiempo de lectura\" \/>\n\t<meta name=\"twitter:data2\" content=\"3 minutos\" \/>\n<!-- \/ Yoast SEO plugin. -->","yoast_head_json":{"title":"Vallas de madera tratada para jardines y parques infantiles","description":"En Santaul\u00e0ria Equipaments Urbans estamos especializados en el dise\u00f1o de vallas de madera tratada para jardines y parques infantiles.","robots":{"index":"index","follow":"follow","max-snippet":"max-snippet:-1","max-image-preview":"max-image-preview:large","max-video-preview":"max-video-preview:-1"},"canonical":"https:\/\/fustatractada.com\/es\/vallas-de-madera-tratada-jardines-parques-infantiles\/","og_locale":"es_ES","og_type":"article","og_title":"Vallas de madera tratada para jardines y parques infantiles","og_description":"En Santaul\u00e0ria Equipaments Urbans estamos especializados en el dise\u00f1o de vallas de madera tratada para jardines y parques infantiles.","og_url":"https:\/\/fustatractada.com\/es\/vallas-de-madera-tratada-jardines-parques-infantiles\/","og_site_name":"Santaul\u00e0ria Equipaments Urbans","article_publisher":"https:\/\/www.facebook.com\/Santaularia.Equipaments.Urbans","article_published_time":"2024-03-28T09:49:22+00:00","article_modified_time":"2026-03-16T16:00:34+00:00","og_image":[{"width":940,"height":788,"url":"https:\/\/fustatractada.com\/wp-content\/uploads\/2024\/03\/vallas-madera.png","type":"image\/png"}],"author":"Santaul\u00e0ria EU","twitter_card":"summary_large_image","twitter_misc":{"Escrito por":"Santaul\u00e0ria EU","Tiempo de lectura":"3 minutos"},"schema":{"@context":"https:\/\/schema.org","@graph":[{"@type":"Article","@id":"https:\/\/fustatractada.com\/es\/vallas-de-madera-tratada-jardines-parques-infantiles\/#article","isPartOf":{"@id":"https:\/\/fustatractada.com\/es\/vallas-de-madera-tratada-jardines-parques-infantiles\/"},"author":{"name":"Santaul\u00e0ria EU","@id":"https:\/\/fustatractada.com\/es\/#\/schema\/person\/92a8369f869bb051b92ce3a03bf0f88f"},"headline":"Vallas de madera tratada para jardines y parques infantiles","datePublished":"2024-03-28T09:49:22+00:00","dateModified":"2026-03-16T16:00:34+00:00","mainEntityOfPage":{"@id":"https:\/\/fustatractada.com\/es\/vallas-de-madera-tratada-jardines-parques-infantiles\/"},"wordCount":404,"publisher":{"@id":"https:\/\/fustatractada.com\/es\/#organization"},"image":{"@id":"https:\/\/fustatractada.com\/es\/vallas-de-madera-tratada-jardines-parques-infantiles\/#primaryimage"},"thumbnailUrl":"https:\/\/fustatractada.com\/wp-content\/uploads\/2024\/03\/vallas-madera.png","articleSection":["Cerramientos para exterior"],"inLanguage":"es"},{"@type":"WebPage","@id":"https:\/\/fustatractada.com\/es\/vallas-de-madera-tratada-jardines-parques-infantiles\/","url":"https:\/\/fustatractada.com\/es\/vallas-de-madera-tratada-jardines-parques-infantiles\/","name":"Vallas de madera tratada para jardines y parques infantiles","isPartOf":{"@id":"https:\/\/fustatractada.com\/es\/#website"},"primaryImageOfPage":{"@id":"https:\/\/fustatractada.com\/es\/vallas-de-madera-tratada-jardines-parques-infantiles\/#primaryimage"},"image":{"@id":"https:\/\/fustatractada.com\/es\/vallas-de-madera-tratada-jardines-parques-infantiles\/#primaryimage"},"thumbnailUrl":"https:\/\/fustatractada.com\/wp-content\/uploads\/2024\/03\/vallas-madera.png","datePublished":"2024-03-28T09:49:22+00:00","dateModified":"2026-03-16T16:00:34+00:00","description":"En Santaul\u00e0ria Equipaments Urbans estamos especializados en el dise\u00f1o de vallas de madera tratada para jardines y parques infantiles.","breadcrumb":{"@id":"https:\/\/fustatractada.com\/es\/vallas-de-madera-tratada-jardines-parques-infantiles\/#breadcrumb"},"inLanguage":"es","potentialAction":[{"@type":"ReadAction","target":["https:\/\/fustatractada.com\/es\/vallas-de-madera-tratada-jardines-parques-infantiles\/"]}]},{"@type":"ImageObject","inLanguage":"es","@id":"https:\/\/fustatractada.com\/es\/vallas-de-madera-tratada-jardines-parques-infantiles\/#primaryimage","url":"https:\/\/fustatractada.com\/wp-content\/uploads\/2024\/03\/vallas-madera.png","contentUrl":"https:\/\/fustatractada.com\/wp-content\/uploads\/2024\/03\/vallas-madera.png","width":940,"height":788,"caption":"Vallas de madera tratada"},{"@type":"BreadcrumbList","@id":"https:\/\/fustatractada.com\/es\/vallas-de-madera-tratada-jardines-parques-infantiles\/#breadcrumb","itemListElement":[{"@type":"ListItem","position":1,"name":"Inici","item":"https:\/\/fustatractada.com\/es\/"},{"@type":"ListItem","position":2,"name":"Vallas de madera tratada para jardines y parques infantiles"}]},{"@type":"WebSite","@id":"https:\/\/fustatractada.com\/es\/#website","url":"https:\/\/fustatractada.com\/es\/","name":"Santaul\u00e0ria Equipaments Urbans","description":"Fusta tractada per exterior","publisher":{"@id":"https:\/\/fustatractada.com\/es\/#organization"},"potentialAction":[{"@type":"SearchAction","target":{"@type":"EntryPoint","urlTemplate":"https:\/\/fustatractada.com\/es\/?s={search_term_string}"},"query-input":{"@type":"PropertyValueSpecification","valueRequired":true,"valueName":"search_term_string"}}],"inLanguage":"es"},{"@type":"Organization","@id":"https:\/\/fustatractada.com\/es\/#organization","name":"Santaul\u00e0ria Equipaments Urbans","url":"https:\/\/fustatractada.com\/es\/","logo":{"@type":"ImageObject","inLanguage":"es","@id":"https:\/\/fustatractada.com\/es\/#\/schema\/logo\/image\/","url":"https:\/\/fustatractada.com\/wp-content\/uploads\/2023\/11\/logo-1.png","contentUrl":"https:\/\/fustatractada.com\/wp-content\/uploads\/2023\/11\/logo-1.png","width":150,"height":103,"caption":"Santaul\u00e0ria Equipaments Urbans"},"image":{"@id":"https:\/\/fustatractada.com\/es\/#\/schema\/logo\/image\/"},"sameAs":["https:\/\/www.facebook.com\/Santaularia.Equipaments.Urbans","https:\/\/www.instagram.com\/santaularia_eu\/","https:\/\/es.linkedin.com\/company\/santaulariaequipamentsurbans"]},{"@type":"Person","@id":"https:\/\/fustatractada.com\/es\/#\/schema\/person\/92a8369f869bb051b92ce3a03bf0f88f","name":"Santaul\u00e0ria EU","image":{"@type":"ImageObject","inLanguage":"es","@id":"https:\/\/secure.gravatar.com\/avatar\/b7fb4cff0b30bb664a3fe8271f60c493235311eb1bb917d43fd79a61ae8e99f8?s=96&d=mm&r=g","url":"https:\/\/secure.gravatar.com\/avatar\/b7fb4cff0b30bb664a3fe8271f60c493235311eb1bb917d43fd79a61ae8e99f8?s=96&d=mm&r=g","contentUrl":"https:\/\/secure.gravatar.com\/avatar\/b7fb4cff0b30bb664a3fe8271f60c493235311eb1bb917d43fd79a61ae8e99f8?s=96&d=mm&r=g","caption":"Santaul\u00e0ria EU"},"sameAs":["https:\/\/fustatractada.com"]}]}},"menu_order":0,"_links":{"self":[{"href":"https:\/\/fustatractada.com\/es\/wp-json\/wp\/v2\/posts\/1537","targetHints":{"allow":["GET"]}}],"collection":[{"href":"https:\/\/fustatractada.com\/es\/wp-json\/wp\/v2\/posts"}],"about":[{"href":"https:\/\/fustatractada.com\/es\/wp-json\/wp\/v2\/types\/post"}],"author":[{"embeddable":true,"href":"https:\/\/fustatractada.com\/es\/wp-json\/wp\/v2\/users\/1"}],"replies":[{"embeddable":true,"href":"https:\/\/fustatractada.com\/es\/wp-json\/wp\/v2\/comments?post=1537"}],"version-history":[{"count":1,"href":"https:\/\/fustatractada.com\/es\/wp-json\/wp\/v2\/posts\/1537\/revisions"}],"predecessor-version":[{"id":13498,"href":"https:\/\/fustatractada.com\/es\/wp-json\/wp\/v2\/posts\/1537\/revisions\/13498"}],"wp:featuredmedia":[{"embeddable":true,"href":"https:\/\/fustatractada.com\/es\/wp-json\/wp\/v2\/media\/1542"}],"wp:attachment":[{"href":"https:\/\/fustatractada.com\/es\/wp-json\/wp\/v2\/media?parent=1537"}],"wp:term":[{"taxonomy":"category","embeddable":true,"href":"https:\/\/fustatractada.com\/es\/wp-json\/wp\/v2\/categories?post=1537"},{"taxonomy":"post_tag","embeddable":true,"href":"https:\/\/fustatractada.com\/es\/wp-json\/wp\/v2\/tags?post=1537"}],"curies":[{"name":"wp","href":"https:\/\/api.w.org\/{rel}","templated":true}]}}