{"id":1470,"date":"2023-11-27T15:41:13","date_gmt":"2023-11-27T15:41:13","guid":{"rendered":"https:\/\/fustatractada.com\/fusta-tractada-per-exterior-elegancia-i-resistencia\/"},"modified":"2026-03-16T09:17:05","modified_gmt":"2026-03-16T09:17:05","slug":"madera-tratada-para-exterior-elegancia-y-resistencia","status":"publish","type":"post","link":"https:\/\/fustatractada.com\/es\/madera-tratada-para-exterior-elegancia-y-resistencia\/","title":{"rendered":"Madera Tratada de alta calidad para exteriores"},"content":{"rendered":"\n<p>En Santaul\u00e0ria Equipaments Urbans somos expertos en ofrecer soluciones de primera calidad en madera tratada para exterior. Nuestra amplia experiencia y equipo profesional dedicado, nos permite crear elementos \u00fanicos y resistentes, adaptados a distintos ambientes y superficies exteriores.<\/p>\n\n\n\n<p>La madera es un material natural que, para su uso eficiente en exteriores, requiere un proceso de tratamiento espec\u00edfico. Este tratamiento asegura que la madera mantenga su belleza y resistencia frente a las condiciones ambientales adversas. Nuestras construcciones en madera tratada, como las p\u00e9rgolas, tarimas y porches, ofrecen funcionalidad y tambi\u00e9n aportan un toque de elegancia y aislamiento \u00fanico.<\/p>\n\n\n\n<h2 class=\"wp-block-heading\">Madera tratada para exterior adaptada a tus necesidades<\/h2>\n\n\n\n<p>El proceso de lijar, pulir y modelar la madera natural permite adaptarse a las necesidades espec\u00edficas de cada proyecto, garantizando as\u00ed una perfecta armon\u00eda con el entorno. Adem\u00e1s, ofrecemos varias opciones en el <a href=\"https:\/\/fustatractada.com\/es\/\" target=\"_blank\" rel=\"noreferrer noopener\">tratamiento de la madera<\/a> para satisfacer gustos y necesidades particulares:<\/p>\n\n\n\n<ul class=\"wp-block-list\">\n<li><strong>Madera tratada con grietas<\/strong>: Este estilo incluye peque\u00f1as fisuras que no afectan a la resistencia de la madera, aportando un aspecto r\u00fastico y natural.<\/li>\n\n\n\n<li><strong>Madera con moho superficial<\/strong>: Esta presentaci\u00f3n incluye una capa superficial, generalmente de color negro o gris, causada por hongos que no comprometen la calidad del material. Esta capa desaparece con las condiciones climatol\u00f3gicas como la lluvia o el viento.<\/li>\n\n\n\n<li><strong>Madera tratada con variaciones de tonalidad<\/strong>: Las diferencias de color entre el duramen y la albeca, especialmente en pino tratado y Douglas, aportan calidez y encanto, y con el tiempo se armonizan, dando un aspecto m\u00e1s uniforme.<\/li>\n<\/ul>\n\n\n\n<p>En <a href=\"http:\/\/www.santaularia.eu\/\" target=\"_blank\" rel=\"noreferrer noopener\">Santaul\u00e0ria Equipaments Urbans<\/a> estamos comprometidos con la calidad y la satisfacci\u00f3n de nuestros clientes. Nuestra madera tratada para <strong>campings, ayuntamientos, restaurantes, hoteles, turismo rural y jardines privados<\/strong> es sin\u00f3nimo de elegancia y resistencia. Si buscas soluciones duraderas y atractivas de madera tratada para exteriores, contacta con nosotros. Averigua c\u00f3mo transformar tu espacio exterior con soluciones a medida que combinan funcionalidad y est\u00e9tica.<\/p>\n","protected":false},"excerpt":{"rendered":"<p>En Santaul\u00e0ria Equipaments Urbans somos expertos en ofrecer soluciones de primera calidad en madera tratada para exterior. Nuestra amplia experiencia&#8230;<\/p>\n","protected":false},"author":1,"featured_media":1418,"comment_status":"closed","ping_status":"closed","sticky":false,"template":"single-fullwidth.php","format":"standard","meta":{"footnotes":""},"categories":[241],"tags":[],"class_list":{"0":"post-1470","1":"post","2":"type-post","3":"status-publish","4":"format-standard","5":"has-post-thumbnail","7":"category-equipamiento-exterior"},"yoast_head":"<!-- This site is optimized with the Yoast SEO plugin v27.5 - https:\/\/yoast.com\/product\/yoast-seo-wordpress\/ -->\n<title>Madera Tratada para exterior de calidad | Santaul\u00e0ria EU<\/title>\n<meta name=\"description\" content=\"La madera tratada para exterior es sin\u00f3nimo de elegancia y resistencia. \u00bfBuscas soluciones duraderas y atractivas? \u00a1Contacta con nosotros!\" \/>\n<meta name=\"robots\" content=\"index, follow, max-snippet:-1, max-image-preview:large, max-video-preview:-1\" \/>\n<link rel=\"canonical\" href=\"https:\/\/fustatractada.com\/es\/madera-tratada-para-exterior-elegancia-y-resistencia\/\" \/>\n<meta property=\"og:locale\" content=\"es_ES\" \/>\n<meta property=\"og:type\" content=\"article\" \/>\n<meta property=\"og:title\" content=\"Madera Tratada para exterior de calidad | Santaul\u00e0ria EU\" \/>\n<meta property=\"og:description\" content=\"La madera tratada para exterior es sin\u00f3nimo de elegancia y resistencia. \u00bfBuscas soluciones duraderas y atractivas? \u00a1Contacta con nosotros!\" \/>\n<meta property=\"og:url\" content=\"https:\/\/fustatractada.com\/es\/madera-tratada-para-exterior-elegancia-y-resistencia\/\" \/>\n<meta property=\"og:site_name\" content=\"Santaul\u00e0ria Equipaments Urbans\" \/>\n<meta property=\"article:publisher\" content=\"https:\/\/www.facebook.com\/Santaularia.Equipaments.Urbans\" \/>\n<meta property=\"article:published_time\" content=\"2023-11-27T15:41:13+00:00\" \/>\n<meta property=\"article:modified_time\" content=\"2026-03-16T09:17:05+00:00\" \/>\n<meta property=\"og:image\" content=\"https:\/\/fustatractada.com\/wp-content\/uploads\/2023\/11\/fusta-tractada-exteriors.png\" \/>\n\t<meta property=\"og:image:width\" content=\"860\" \/>\n\t<meta property=\"og:image:height\" content=\"440\" \/>\n\t<meta property=\"og:image:type\" content=\"image\/png\" \/>\n<meta name=\"author\" content=\"Santaul\u00e0ria EU\" \/>\n<meta name=\"twitter:card\" content=\"summary_large_image\" \/>\n<meta name=\"twitter:label1\" content=\"Escrito por\" \/>\n\t<meta name=\"twitter:data1\" content=\"Santaul\u00e0ria EU\" \/>\n\t<meta name=\"twitter:label2\" content=\"Tiempo de lectura\" \/>\n\t<meta name=\"twitter:data2\" content=\"2 minutos\" \/>\n<!-- \/ Yoast SEO plugin. -->","yoast_head_json":{"title":"Madera Tratada para exterior de calidad | Santaul\u00e0ria EU","description":"La madera tratada para exterior es sin\u00f3nimo de elegancia y resistencia. \u00bfBuscas soluciones duraderas y atractivas? \u00a1Contacta con nosotros!","robots":{"index":"index","follow":"follow","max-snippet":"max-snippet:-1","max-image-preview":"max-image-preview:large","max-video-preview":"max-video-preview:-1"},"canonical":"https:\/\/fustatractada.com\/es\/madera-tratada-para-exterior-elegancia-y-resistencia\/","og_locale":"es_ES","og_type":"article","og_title":"Madera Tratada para exterior de calidad | Santaul\u00e0ria EU","og_description":"La madera tratada para exterior es sin\u00f3nimo de elegancia y resistencia. \u00bfBuscas soluciones duraderas y atractivas? \u00a1Contacta con nosotros!","og_url":"https:\/\/fustatractada.com\/es\/madera-tratada-para-exterior-elegancia-y-resistencia\/","og_site_name":"Santaul\u00e0ria Equipaments Urbans","article_publisher":"https:\/\/www.facebook.com\/Santaularia.Equipaments.Urbans","article_published_time":"2023-11-27T15:41:13+00:00","article_modified_time":"2026-03-16T09:17:05+00:00","og_image":[{"width":860,"height":440,"url":"https:\/\/fustatractada.com\/wp-content\/uploads\/2023\/11\/fusta-tractada-exteriors.png","type":"image\/png"}],"author":"Santaul\u00e0ria EU","twitter_card":"summary_large_image","twitter_misc":{"Escrito por":"Santaul\u00e0ria EU","Tiempo de lectura":"2 minutos"},"schema":{"@context":"https:\/\/schema.org","@graph":[{"@type":"Article","@id":"https:\/\/fustatractada.com\/es\/madera-tratada-para-exterior-elegancia-y-resistencia\/#article","isPartOf":{"@id":"https:\/\/fustatractada.com\/es\/madera-tratada-para-exterior-elegancia-y-resistencia\/"},"author":{"name":"Santaul\u00e0ria EU","@id":"https:\/\/fustatractada.com\/es\/#\/schema\/person\/92a8369f869bb051b92ce3a03bf0f88f"},"headline":"Madera Tratada de alta calidad para exteriores","datePublished":"2023-11-27T15:41:13+00:00","dateModified":"2026-03-16T09:17:05+00:00","mainEntityOfPage":{"@id":"https:\/\/fustatractada.com\/es\/madera-tratada-para-exterior-elegancia-y-resistencia\/"},"wordCount":335,"publisher":{"@id":"https:\/\/fustatractada.com\/es\/#organization"},"image":{"@id":"https:\/\/fustatractada.com\/es\/madera-tratada-para-exterior-elegancia-y-resistencia\/#primaryimage"},"thumbnailUrl":"https:\/\/fustatractada.com\/wp-content\/uploads\/2023\/11\/fusta-tractada-exteriors.png","articleSection":["Equipamiento exterior"],"inLanguage":"es"},{"@type":"WebPage","@id":"https:\/\/fustatractada.com\/es\/madera-tratada-para-exterior-elegancia-y-resistencia\/","url":"https:\/\/fustatractada.com\/es\/madera-tratada-para-exterior-elegancia-y-resistencia\/","name":"Madera Tratada para exterior de calidad | Santaul\u00e0ria EU","isPartOf":{"@id":"https:\/\/fustatractada.com\/es\/#website"},"primaryImageOfPage":{"@id":"https:\/\/fustatractada.com\/es\/madera-tratada-para-exterior-elegancia-y-resistencia\/#primaryimage"},"image":{"@id":"https:\/\/fustatractada.com\/es\/madera-tratada-para-exterior-elegancia-y-resistencia\/#primaryimage"},"thumbnailUrl":"https:\/\/fustatractada.com\/wp-content\/uploads\/2023\/11\/fusta-tractada-exteriors.png","datePublished":"2023-11-27T15:41:13+00:00","dateModified":"2026-03-16T09:17:05+00:00","description":"La madera tratada para exterior es sin\u00f3nimo de elegancia y resistencia. \u00bfBuscas soluciones duraderas y atractivas? \u00a1Contacta con nosotros!","breadcrumb":{"@id":"https:\/\/fustatractada.com\/es\/madera-tratada-para-exterior-elegancia-y-resistencia\/#breadcrumb"},"inLanguage":"es","potentialAction":[{"@type":"ReadAction","target":["https:\/\/fustatractada.com\/es\/madera-tratada-para-exterior-elegancia-y-resistencia\/"]}]},{"@type":"ImageObject","inLanguage":"es","@id":"https:\/\/fustatractada.com\/es\/madera-tratada-para-exterior-elegancia-y-resistencia\/#primaryimage","url":"https:\/\/fustatractada.com\/wp-content\/uploads\/2023\/11\/fusta-tractada-exteriors.png","contentUrl":"https:\/\/fustatractada.com\/wp-content\/uploads\/2023\/11\/fusta-tractada-exteriors.png","width":860,"height":440,"caption":"Madera Tratada"},{"@type":"BreadcrumbList","@id":"https:\/\/fustatractada.com\/es\/madera-tratada-para-exterior-elegancia-y-resistencia\/#breadcrumb","itemListElement":[{"@type":"ListItem","position":1,"name":"Inici","item":"https:\/\/fustatractada.com\/es\/"},{"@type":"ListItem","position":2,"name":"Madera Tratada de alta calidad para exteriores"}]},{"@type":"WebSite","@id":"https:\/\/fustatractada.com\/es\/#website","url":"https:\/\/fustatractada.com\/es\/","name":"Santaul\u00e0ria Equipaments Urbans","description":"Fusta tractada per exterior","publisher":{"@id":"https:\/\/fustatractada.com\/es\/#organization"},"potentialAction":[{"@type":"SearchAction","target":{"@type":"EntryPoint","urlTemplate":"https:\/\/fustatractada.com\/es\/?s={search_term_string}"},"query-input":{"@type":"PropertyValueSpecification","valueRequired":true,"valueName":"search_term_string"}}],"inLanguage":"es"},{"@type":"Organization","@id":"https:\/\/fustatractada.com\/es\/#organization","name":"Santaul\u00e0ria Equipaments Urbans","url":"https:\/\/fustatractada.com\/es\/","logo":{"@type":"ImageObject","inLanguage":"es","@id":"https:\/\/fustatractada.com\/es\/#\/schema\/logo\/image\/","url":"https:\/\/fustatractada.com\/wp-content\/uploads\/2023\/11\/logo-1.png","contentUrl":"https:\/\/fustatractada.com\/wp-content\/uploads\/2023\/11\/logo-1.png","width":150,"height":103,"caption":"Santaul\u00e0ria Equipaments Urbans"},"image":{"@id":"https:\/\/fustatractada.com\/es\/#\/schema\/logo\/image\/"},"sameAs":["https:\/\/www.facebook.com\/Santaularia.Equipaments.Urbans","https:\/\/www.instagram.com\/santaularia_eu\/","https:\/\/es.linkedin.com\/company\/santaulariaequipamentsurbans"]},{"@type":"Person","@id":"https:\/\/fustatractada.com\/es\/#\/schema\/person\/92a8369f869bb051b92ce3a03bf0f88f","name":"Santaul\u00e0ria EU","image":{"@type":"ImageObject","inLanguage":"es","@id":"https:\/\/secure.gravatar.com\/avatar\/b7fb4cff0b30bb664a3fe8271f60c493235311eb1bb917d43fd79a61ae8e99f8?s=96&d=mm&r=g","url":"https:\/\/secure.gravatar.com\/avatar\/b7fb4cff0b30bb664a3fe8271f60c493235311eb1bb917d43fd79a61ae8e99f8?s=96&d=mm&r=g","contentUrl":"https:\/\/secure.gravatar.com\/avatar\/b7fb4cff0b30bb664a3fe8271f60c493235311eb1bb917d43fd79a61ae8e99f8?s=96&d=mm&r=g","caption":"Santaul\u00e0ria EU"},"sameAs":["https:\/\/fustatractada.com"]}]}},"menu_order":0,"_links":{"self":[{"href":"https:\/\/fustatractada.com\/es\/wp-json\/wp\/v2\/posts\/1470","targetHints":{"allow":["GET"]}}],"collection":[{"href":"https:\/\/fustatractada.com\/es\/wp-json\/wp\/v2\/posts"}],"about":[{"href":"https:\/\/fustatractada.com\/es\/wp-json\/wp\/v2\/types\/post"}],"author":[{"embeddable":true,"href":"https:\/\/fustatractada.com\/es\/wp-json\/wp\/v2\/users\/1"}],"replies":[{"embeddable":true,"href":"https:\/\/fustatractada.com\/es\/wp-json\/wp\/v2\/comments?post=1470"}],"version-history":[{"count":1,"href":"https:\/\/fustatractada.com\/es\/wp-json\/wp\/v2\/posts\/1470\/revisions"}],"predecessor-version":[{"id":13501,"href":"https:\/\/fustatractada.com\/es\/wp-json\/wp\/v2\/posts\/1470\/revisions\/13501"}],"wp:featuredmedia":[{"embeddable":true,"href":"https:\/\/fustatractada.com\/es\/wp-json\/wp\/v2\/media\/1418"}],"wp:attachment":[{"href":"https:\/\/fustatractada.com\/es\/wp-json\/wp\/v2\/media?parent=1470"}],"wp:term":[{"taxonomy":"category","embeddable":true,"href":"https:\/\/fustatractada.com\/es\/wp-json\/wp\/v2\/categories?post=1470"},{"taxonomy":"post_tag","embeddable":true,"href":"https:\/\/fustatractada.com\/es\/wp-json\/wp\/v2\/tags?post=1470"}],"curies":[{"name":"wp","href":"https:\/\/api.w.org\/{rel}","templated":true}]}}