{"id":13508,"date":"2026-03-16T09:06:23","date_gmt":"2026-03-16T09:06:23","guid":{"rendered":"https:\/\/fustatractada.com\/tipus-de-tanques-de-fusta-tractada-i-aplicacions\/"},"modified":"2026-03-16T16:21:16","modified_gmt":"2026-03-16T16:21:16","slug":"tipos-de-vallas-de-madera-tratada","status":"publish","type":"post","link":"https:\/\/fustatractada.com\/es\/tipos-de-vallas-de-madera-tratada\/","title":{"rendered":"Tipos de vallas de madera tratada y aplicaciones"},"content":{"rendered":"<div class=\"yoast-breadcrumbs\"><span><span><a href=\"https:\/\/fustatractada.com\/es\/\">Inici<\/a><\/span> \u00bb <span class=\"breadcrumb_last\" aria-current=\"page\">Tipos de vallas de madera tratada y aplicaciones<\/span><\/span><\/div>\n\n\n<p>Las vallas de madera tratada m\u00e1s utilizadas en exteriores son la valla tejana o vaquera, las vallas de perfiles, los paneles de ocultaci\u00f3n y las vallas para parques infantiles. Cada tipo responde a una necesidad concreta: delimitar caminos y espacios naturales, aportar privacidad en jardines, separar zonas en espacios p\u00fablicos o garantizar la seguridad en \u00e1reas de juego.<\/p>\n\n\n\n<p>En proyectos de paisajismo y urbanismo, la madera tratada al autoclave es un material muy valorado por su resistencia a la intemperie, su durabilidad y su integraci\u00f3n natural en el entorno. Gracias a este tratamiento, las vallas pueden mantenerse en buen estado durante muchos a\u00f1os incluso en exteriores.<\/p>\n\n\n\n<p>En este art\u00edculo veremos qu\u00e9 tipos de vallas de madera tratada existen y en qu\u00e9 situaciones se utiliza cada una.<\/p>\n\n\n\n<p>Resumen:<\/p>\n\n\n\n<p>\u2022 Valla tejana o vaquera \u2192 ideal para caminos rurales, parques naturales y delimitaci\u00f3n de espacios abiertos.<br>\u2022 Vallas de perfiles \u2192 muy utilizadas en jardines, urbanizaciones y espacios p\u00fablicos.<br>\u2022 Paneles de ocultaci\u00f3n \u2192 pensados para separar zonas o aportar privacidad.<br>\u2022 Vallas para parques infantiles \u2192 dise\u00f1adas para mejorar la seguridad en \u00e1reas de juego.<\/p>\n\n\n\n<div id=\"ez-toc-container\" class=\"ez-toc-v2_0_82_2 counter-hierarchy ez-toc-counter ez-toc-grey ez-toc-container-direction\">\n<div class=\"ez-toc-title-container\">\n<p class=\"ez-toc-title\" style=\"cursor:inherit\"><\/p>\n<span class=\"ez-toc-title-toggle\"><a href=\"#\" class=\"ez-toc-pull-right ez-toc-btn ez-toc-btn-xs ez-toc-btn-default ez-toc-toggle\" aria-label=\"Alternar tabla de contenidos\"><span class=\"ez-toc-js-icon-con\"><span class=\"\"><span class=\"eztoc-hide\" style=\"display:none;\">Toggle<\/span><span class=\"ez-toc-icon-toggle-span\"><svg style=\"fill: #999;color:#999\" xmlns=\"http:\/\/www.w3.org\/2000\/svg\" class=\"list-377408\" width=\"20px\" height=\"20px\" viewBox=\"0 0 24 24\" fill=\"none\"><path d=\"M6 6H4v2h2V6zm14 0H8v2h12V6zM4 11h2v2H4v-2zm16 0H8v2h12v-2zM4 16h2v2H4v-2zm16 0H8v2h12v-2z\" fill=\"currentColor\"><\/path><\/svg><svg style=\"fill: #999;color:#999\" class=\"arrow-unsorted-368013\" xmlns=\"http:\/\/www.w3.org\/2000\/svg\" width=\"10px\" height=\"10px\" viewBox=\"0 0 24 24\" version=\"1.2\" baseProfile=\"tiny\"><path d=\"M18.2 9.3l-6.2-6.3-6.2 6.3c-.2.2-.3.4-.3.7s.1.5.3.7c.2.2.4.3.7.3h11c.3 0 .5-.1.7-.3.2-.2.3-.5.3-.7s-.1-.5-.3-.7zM5.8 14.7l6.2 6.3 6.2-6.3c.2-.2.3-.5.3-.7s-.1-.5-.3-.7c-.2-.2-.4-.3-.7-.3h-11c-.3 0-.5.1-.7.3-.2.2-.3.5-.3.7s.1.5.3.7z\"\/><\/svg><\/span><\/span><\/span><\/a><\/span><\/div>\n<nav><ul class='ez-toc-list ez-toc-list-level-1 ' ><li class='ez-toc-page-1 ez-toc-heading-level-2'><a class=\"ez-toc-link ez-toc-heading-1\" href=\"https:\/\/fustatractada.com\/es\/tipos-de-vallas-de-madera-tratada\/#Tipos_de_vallas_de_madera_tratada\" >Tipos de vallas de madera tratada<\/a><ul class='ez-toc-list-level-3' ><li class='ez-toc-heading-level-3'><a class=\"ez-toc-link ez-toc-heading-2\" href=\"https:\/\/fustatractada.com\/es\/tipos-de-vallas-de-madera-tratada\/#1_Valla_vaquera\" >1. Valla vaquera<\/a><\/li><li class='ez-toc-page-1 ez-toc-heading-level-3'><a class=\"ez-toc-link ez-toc-heading-3\" href=\"https:\/\/fustatractada.com\/es\/tipos-de-vallas-de-madera-tratada\/#2_Vallas_de_perfiles\" >2. Vallas de perfiles<\/a><\/li><li class='ez-toc-page-1 ez-toc-heading-level-3'><a class=\"ez-toc-link ez-toc-heading-4\" href=\"https:\/\/fustatractada.com\/es\/tipos-de-vallas-de-madera-tratada\/#3_Paneles_de_ocultacion\" >3. Paneles de ocultaci\u00f3n<\/a><\/li><li class='ez-toc-page-1 ez-toc-heading-level-3'><a class=\"ez-toc-link ez-toc-heading-5\" href=\"https:\/\/fustatractada.com\/es\/tipos-de-vallas-de-madera-tratada\/#4_Vallas_para_parques_infantiles\" >4. Vallas para parques infantiles<\/a><\/li><\/ul><\/li><li class='ez-toc-page-1 ez-toc-heading-level-2'><a class=\"ez-toc-link ez-toc-heading-6\" href=\"https:\/\/fustatractada.com\/es\/tipos-de-vallas-de-madera-tratada\/#Comparativa_de_tipos_de_vallas\" >Comparativa de tipos de vallas<\/a><\/li><li class='ez-toc-page-1 ez-toc-heading-level-2'><a class=\"ez-toc-link ez-toc-heading-7\" href=\"https:\/\/fustatractada.com\/es\/tipos-de-vallas-de-madera-tratada\/#%C2%BFPor_que_utilizar_madera_tratada_en_vallas\" >\u00bfPor qu\u00e9 utilizar madera tratada en vallas?<\/a><ul class='ez-toc-list-level-3' ><li class='ez-toc-heading-level-3'><a class=\"ez-toc-link ez-toc-heading-8\" href=\"https:\/\/fustatractada.com\/es\/tipos-de-vallas-de-madera-tratada\/#Articulos_relacionados\" >Art\u00edculos relacionados<\/a><\/li><\/ul><\/li><li class='ez-toc-page-1 ez-toc-heading-level-2'><a class=\"ez-toc-link ez-toc-heading-9\" href=\"https:\/\/fustatractada.com\/es\/tipos-de-vallas-de-madera-tratada\/#Preguntas_frecuentes\" >Preguntas frecuentes<\/a><ul class='ez-toc-list-level-3' ><li class='ez-toc-heading-level-3'><a class=\"ez-toc-link ez-toc-heading-10\" href=\"https:\/\/fustatractada.com\/es\/tipos-de-vallas-de-madera-tratada\/#%C2%BFQue_tipos_de_vallas_de_madera_tratada_existen\" >\u00bfQu\u00e9 tipos de vallas de madera tratada existen?<\/a><\/li><li class='ez-toc-page-1 ez-toc-heading-level-3'><a class=\"ez-toc-link ez-toc-heading-11\" href=\"https:\/\/fustatractada.com\/es\/tipos-de-vallas-de-madera-tratada\/#%C2%BFCual_es_la_valla_de_madera_mas_resistente\" >\u00bfCu\u00e1l es la valla de madera m\u00e1s resistente?<\/a><\/li><li class='ez-toc-page-1 ez-toc-heading-level-3'><a class=\"ez-toc-link ez-toc-heading-12\" href=\"https:\/\/fustatractada.com\/es\/tipos-de-vallas-de-madera-tratada\/#%C2%BFCuanto_puede_durar_una_valla_de_madera_tratada\" >\u00bfCu\u00e1nto puede durar una valla de madera tratada?<\/a><\/li><li class='ez-toc-page-1 ez-toc-heading-level-3'><a class=\"ez-toc-link ez-toc-heading-13\" href=\"https:\/\/fustatractada.com\/es\/tipos-de-vallas-de-madera-tratada\/#%C2%BFLas_vallas_de_madera_requieren_mantenimiento\" >\u00bfLas vallas de madera requieren mantenimiento?<\/a><\/li><li class='ez-toc-page-1 ez-toc-heading-level-3'><a class=\"ez-toc-link ez-toc-heading-14\" href=\"https:\/\/fustatractada.com\/es\/tipos-de-vallas-de-madera-tratada\/#%C2%BFDonde_se_utilizan_habitualmente_las_vallas_de_madera_tratada\" >\u00bfD\u00f3nde se utilizan habitualmente las vallas de madera tratada?<\/a><\/li><\/ul><\/li><li class='ez-toc-page-1 ez-toc-heading-level-2'><a class=\"ez-toc-link ez-toc-heading-15\" href=\"https:\/\/fustatractada.com\/es\/tipos-de-vallas-de-madera-tratada\/#%C2%BFNecesitas_instalar_una_valla_de_madera_tratada\" >\u00bfNecesitas instalar una valla de madera tratada?<\/a><\/li><\/ul><\/nav><\/div>\n<h2 class=\"wp-block-heading\"><span class=\"ez-toc-section\" id=\"Tipos_de_vallas_de_madera_tratada\"><\/span>Tipos de vallas de madera tratada<span class=\"ez-toc-section-end\"><\/span><\/h2>\n\n\n\n<p>  Seg\u00fan el dise\u00f1o y la funci\u00f3n, existen varios tipos de vallas de madera tratada.<\/p>\n\n\n\n<h3 class=\"wp-block-heading\"><span class=\"ez-toc-section\" id=\"1_Valla_vaquera\"><\/span>1. Valla vaquera<span class=\"ez-toc-section-end\"><\/span><\/h3>\n\n\n\n<p>Es una de las vallas m\u00e1s utilizadas en espacios naturales.<\/p>\n\n\n\n<p>Caracter\u00edsticas:<\/p>\n\n\n\n<ul class=\"wp-block-list\">\n<li>palos verticales<\/li>\n\n\n\n<li>travesa\u00f1os horizontales<\/li>\n\n\n\n<li>estructura robusta<\/li>\n<\/ul>\n\n\n\n<p>Aplicaciones:<\/p>\n\n\n\n<ul class=\"wp-block-list\">\n<li>caminos rurales<\/li>\n\n\n\n<li>parques naturales<\/li>\n\n\n\n<li>delimitaci\u00f3n de zonas agr\u00edcolas<\/li>\n<\/ul>\n\n\n\n<h3 class=\"wp-block-heading\"><span class=\"ez-toc-section\" id=\"2_Vallas_de_perfiles\"><\/span>2. Vallas de perfiles<span class=\"ez-toc-section-end\"><\/span><\/h3>\n\n\n\n<p>Este sistema utiliza perfiles verticales unidos con travesa\u00f1os.<\/p>\n\n\n\n<p>Ventajas:<\/p>\n\n\n\n<ul class=\"wp-block-list\">\n<li>mayor privacidad<\/li>\n\n\n\n<li>buen resultado est\u00e9tico<\/li>\n\n\n\n<li>resistencia estructural<\/li>\n<\/ul>\n\n\n\n<p>Aplicaciones:<\/p>\n\n\n\n<ul class=\"wp-block-list\">\n<li>jardines<\/li>\n\n\n\n<li>urbanizaciones<\/li>\n\n\n\n<li>espacios p\u00fablicos<\/li>\n<\/ul>\n\n\n\n<h3 class=\"wp-block-heading\"><span class=\"ez-toc-section\" id=\"3_Paneles_de_ocultacion\"><\/span>3. Paneles de ocultaci\u00f3n<span class=\"ez-toc-section-end\"><\/span><\/h3>\n\n\n\n<p>Las vallas con paneles continuos permiten separar espacios u ocultar zonas.<\/p>\n\n\n\n<p>Se utilizan a menudo por:<\/p>\n\n\n\n<ul class=\"wp-block-list\">\n<li>ocultaci\u00f3n de contenedores<\/li>\n\n\n\n<li>separaci\u00f3n de zonas en jardines<\/li>\n\n\n\n<li>espacios comunitarios<\/li>\n<\/ul>\n\n\n\n<h3 class=\"wp-block-heading\"><span class=\"ez-toc-section\" id=\"4_Vallas_para_parques_infantiles\"><\/span>4. Vallas para parques infantiles<span class=\"ez-toc-section-end\"><\/span><\/h3>\n\n\n\n<p>Este tipo de vallas prioriza:<\/p>\n\n\n\n<ul class=\"wp-block-list\">\n<li>seguridad<\/li>\n\n\n\n<li>visibilidad<\/li>\n\n\n\n<li>integraci\u00f3n en parques infantiles<\/li>\n<\/ul>\n\n\n\n<h2 class=\"wp-block-heading\"><span class=\"ez-toc-section\" id=\"Comparativa_de_tipos_de_vallas\"><\/span>Comparativa de tipos de vallas<span class=\"ez-toc-section-end\"><\/span><\/h2>\n\n\n\n<figure class=\"wp-block-table\"><table class=\"has-fixed-layout\"><thead><tr><th>Tipo<\/th><th>Privacidad<\/th><th>Resistencia<\/th><th>Uso habitual<\/th><\/tr><\/thead><tbody><tr><td>Valla tejana<\/td><td>baja<\/td><td>muy alta<\/td><td>caminos y espacios naturales<\/td><\/tr><tr><td>Perfiles<\/td><td>media<\/td><td>alta<\/td><td>jardines<\/td><\/tr><tr><td>Paneles<\/td><td>alta<\/td><td>alta<\/td><td>ocultaci\u00f3n<\/td><\/tr><tr><td>Parque infantil<\/td><td>media<\/td><td>alta<\/td><td>zonas recreativas<\/td><\/tr><\/tbody><\/table><\/figure>\n\n\n\n<h2 class=\"wp-block-heading\"><span class=\"ez-toc-section\" id=\"%C2%BFPor_que_utilizar_madera_tratada_en_vallas\"><\/span>\u00bfPor qu\u00e9 utilizar madera tratada en vallas?<span class=\"ez-toc-section-end\"><\/span><\/h2>\n\n\n\n<p>La madera tratada ofrece:<\/p>\n\n\n\n<ul class=\"wp-block-list\">\n<li>gran durabilidad<\/li>\n\n\n\n<li>bajo mantenimiento<\/li>\n\n\n\n<li>integraci\u00f3n paisaj\u00edstica<\/li>\n\n\n\n<li>est\u00e9tica natural<\/li>\n<\/ul>\n\n\n\n<p>Este tipo de vallas son habituales en <a href=\"https:\/\/www.santaularia.eu\/p\/projectes\/\" type=\"link\" id=\"https:\/\/www.santaularia.eu\/p\/projectes\/\">proyectos realizados por Santaul\u00e0ria Equipaments Urbans<\/a>, especialmente en caminos, parques y espacios p\u00fablicos.<\/p>\n\n\n\n<p><\/p>\n\n\n\n<h3 class=\"wp-block-heading\"><span class=\"ez-toc-section\" id=\"Articulos_relacionados\"><\/span>Art\u00edculos relacionados<span class=\"ez-toc-section-end\"><\/span><\/h3>\n\n\n\n<ul class=\"wp-block-list\">\n<li><a href=\"https:\/\/fustatractada.com\/es\/vallas-tejanas-de-madera-tratada-girona\/\" type=\"link\" id=\"https:\/\/fustatractada.com\/es\/vallas-tejanas-de-madera-tratada-girona\/\">Valla tejana de madera tratada<\/a><\/li>\n<\/ul>\n\n\n\n<h2 class=\"wp-block-heading\"><span class=\"ez-toc-section\" id=\"Preguntas_frecuentes\"><\/span>Preguntas frecuentes<span class=\"ez-toc-section-end\"><\/span><\/h2>\n\n\n\n<h3 class=\"wp-block-heading\"><span class=\"ez-toc-section\" id=\"%C2%BFQue_tipos_de_vallas_de_madera_tratada_existen\"><\/span>\u00bfQu\u00e9 tipos de vallas de madera tratada existen?<span class=\"ez-toc-section-end\"><\/span><\/h3>\n\n\n\n<p>Los tipos m\u00e1s habituales son:<\/p>\n\n\n\n<ul class=\"wp-block-list\">\n<li>vallas tejanas<\/li>\n\n\n\n<li>vallas de perfiles<\/li>\n\n\n\n<li>paneles de ocultaci\u00f3n<\/li>\n\n\n\n<li>vallas decorativas para parques<\/li>\n<\/ul>\n\n\n\n<p>Cada modelo se adapta a distintas necesidades, como delimitar espacios, crear privacidad o integrarse en entornos naturales.<\/p>\n\n\n\n<h3 class=\"wp-block-heading\"><span class=\"ez-toc-section\" id=\"%C2%BFCual_es_la_valla_de_madera_mas_resistente\"><\/span>\u00bfCu\u00e1l es la valla de madera m\u00e1s resistente?<span class=\"ez-toc-section-end\"><\/span><\/h3>\n\n\n\n<p>La valla tejana de madera tratada es una de las m\u00e1s resistentes para espacios naturales y caminos rurales. Su estructura simple con palos y travesa\u00f1os permite soportar bien el uso intensivo y las condiciones clim\u00e1ticas.<\/p>\n\n\n\n<h3 class=\"wp-block-heading\"><span class=\"ez-toc-section\" id=\"%C2%BFCuanto_puede_durar_una_valla_de_madera_tratada\"><\/span>\u00bfCu\u00e1nto puede durar una valla de madera tratada?<span class=\"ez-toc-section-end\"><\/span><\/h3>\n\n\n\n<p>Una valla fabricada con madera tratada en el autoclave puede durar m\u00e1s de 15 a\u00f1os en exterior. La durabilidad depende de la calidad del tratamiento, del tipo de madera y del mantenimiento que se realice. <\/p>\n\n\n\n<h3 class=\"wp-block-heading\"><span class=\"ez-toc-section\" id=\"%C2%BFLas_vallas_de_madera_requieren_mantenimiento\"><\/span>\u00bfLas vallas de madera requieren mantenimiento?<span class=\"ez-toc-section-end\"><\/span><\/h3>\n\n\n\n<p>S\u00ed, pero es relativamente bajo. Aplicar protectores para madera exterior cada cierto tiempo ayuda a conservar el aspecto y alargar la vida \u00fatil de la valla. <\/p>\n\n\n\n<h3 class=\"wp-block-heading\"><span class=\"ez-toc-section\" id=\"%C2%BFDonde_se_utilizan_habitualmente_las_vallas_de_madera_tratada\"><\/span>\u00bfD\u00f3nde se utilizan habitualmente las vallas de madera tratada?<span class=\"ez-toc-section-end\"><\/span><\/h3>\n\n\n\n<p>Las vallas de madera tratada se utilizan en:<\/p>\n\n\n\n<ul class=\"wp-block-list\">\n<li>jardines y urbanizaciones<\/li>\n\n\n\n<li>parques naturales<\/li>\n\n\n\n<li>caminos rurales<\/li>\n\n\n\n<li>parques infantiles<\/li>\n\n\n\n<li>campings<\/li>\n<\/ul>\n\n\n\n<p>Este material permite integrar las vallas de forma natural en el paisaje.<\/p>\n\n\n\n<h2 class=\"wp-block-heading\"><span class=\"ez-toc-section\" id=\"%C2%BFNecesitas_instalar_una_valla_de_madera_tratada\"><\/span>\u00bfNecesitas instalar una valla de madera tratada?<span class=\"ez-toc-section-end\"><\/span><\/h2>\n\n\n\n<p>En Santaul\u00e0ria Equipaments Urbans dise\u00f1amos e instalamos vallas de madera tratada para jardines, caminos, parques y espacios p\u00fablicos.<\/p>\n\n\n\n<p>Trabajamos con madera tratada en autoclave pensada para exterior, ofreciendo soluciones duraderas que se integran de forma natural en el entorno.<\/p>\n\n\n\n<p>Si est\u00e1s planificando un proyecto de cerramiento o delimitaci\u00f3n de espacios, nuestro equipo puede asesorarte sobre el tipo de valla m\u00e1s adecuado seg\u00fan el uso, el entorno y el nivel de privacidad que necesites. Si est\u00e1s planificando un proyecto de cerramiento exterior, puedes ver algunos de nuestros proyectos o <a href=\"https:\/\/www.santaularia.eu\/p\/contactar\/\" type=\"link\" id=\"https:\/\/www.santaularia.eu\/p\/contactar\/\">contactar con nosotros<\/a> para recibir asesoramiento personalizado.<\/p>\n\n\n\n<p><\/p>\n","protected":false},"excerpt":{"rendered":"<p>Las vallas de madera tratada m\u00e1s utilizadas en exteriores son la valla tejana o vaquera, las vallas de perfiles, los&#8230;<\/p>\n","protected":false},"author":1,"featured_media":13509,"comment_status":"closed","ping_status":"closed","sticky":false,"template":"","format":"standard","meta":{"footnotes":""},"categories":[245,236],"tags":[],"class_list":{"0":"post-13508","1":"post","2":"type-post","3":"status-publish","4":"format-standard","5":"has-post-thumbnail","7":"category-cerramientos-para-exterior","8":"category-tancaments-per-exteriors"},"yoast_head":"<!-- This site is optimized with the Yoast SEO plugin v27.5 - https:\/\/yoast.com\/product\/yoast-seo-wordpress\/ -->\n<title>Tipos de vallas de madera tratada y aplicaciones<\/title>\n<meta name=\"description\" content=\"Tipos de vallas de madera tratada para jardines, caminos y espacios p\u00fablicos. Integraci\u00f3n en proyectos de exterior. Durabilidad y est\u00e9tica.\" \/>\n<meta name=\"robots\" content=\"index, follow, max-snippet:-1, max-image-preview:large, max-video-preview:-1\" \/>\n<link rel=\"canonical\" href=\"https:\/\/fustatractada.com\/es\/tipos-de-vallas-de-madera-tratada\/\" \/>\n<meta property=\"og:locale\" content=\"es_ES\" \/>\n<meta property=\"og:type\" content=\"article\" \/>\n<meta property=\"og:title\" content=\"Tipos de vallas de madera tratada y aplicaciones\" \/>\n<meta property=\"og:description\" content=\"Tipos de vallas de madera tratada para jardines, caminos y espacios p\u00fablicos. Integraci\u00f3n en proyectos de exterior. Durabilidad y est\u00e9tica.\" \/>\n<meta property=\"og:url\" content=\"https:\/\/fustatractada.com\/es\/tipos-de-vallas-de-madera-tratada\/\" \/>\n<meta property=\"og:site_name\" content=\"Santaul\u00e0ria Equipaments Urbans\" \/>\n<meta property=\"article:publisher\" content=\"https:\/\/www.facebook.com\/Santaularia.Equipaments.Urbans\" \/>\n<meta property=\"article:published_time\" content=\"2026-03-16T09:06:23+00:00\" \/>\n<meta property=\"article:modified_time\" content=\"2026-03-16T16:21:16+00:00\" \/>\n<meta property=\"og:image\" content=\"https:\/\/fustatractada.com\/wp-content\/uploads\/2026\/03\/tanca-texana-exterior.webp\" \/>\n\t<meta property=\"og:image:width\" content=\"800\" \/>\n\t<meta property=\"og:image:height\" content=\"532\" \/>\n\t<meta property=\"og:image:type\" content=\"image\/webp\" \/>\n<meta name=\"author\" content=\"Santaul\u00e0ria EU\" \/>\n<meta name=\"twitter:card\" content=\"summary_large_image\" \/>\n<meta name=\"twitter:label1\" content=\"Escrito por\" \/>\n\t<meta name=\"twitter:data1\" content=\"Santaul\u00e0ria EU\" \/>\n\t<meta name=\"twitter:label2\" content=\"Tiempo de lectura\" \/>\n\t<meta name=\"twitter:data2\" content=\"4 minutos\" \/>\n<!-- \/ Yoast SEO plugin. -->","yoast_head_json":{"title":"Tipos de vallas de madera tratada y aplicaciones","description":"Tipos de vallas de madera tratada para jardines, caminos y espacios p\u00fablicos. Integraci\u00f3n en proyectos de exterior. Durabilidad y est\u00e9tica.","robots":{"index":"index","follow":"follow","max-snippet":"max-snippet:-1","max-image-preview":"max-image-preview:large","max-video-preview":"max-video-preview:-1"},"canonical":"https:\/\/fustatractada.com\/es\/tipos-de-vallas-de-madera-tratada\/","og_locale":"es_ES","og_type":"article","og_title":"Tipos de vallas de madera tratada y aplicaciones","og_description":"Tipos de vallas de madera tratada para jardines, caminos y espacios p\u00fablicos. Integraci\u00f3n en proyectos de exterior. Durabilidad y est\u00e9tica.","og_url":"https:\/\/fustatractada.com\/es\/tipos-de-vallas-de-madera-tratada\/","og_site_name":"Santaul\u00e0ria Equipaments Urbans","article_publisher":"https:\/\/www.facebook.com\/Santaularia.Equipaments.Urbans","article_published_time":"2026-03-16T09:06:23+00:00","article_modified_time":"2026-03-16T16:21:16+00:00","og_image":[{"width":800,"height":532,"url":"https:\/\/fustatractada.com\/wp-content\/uploads\/2026\/03\/tanca-texana-exterior.webp","type":"image\/webp"}],"author":"Santaul\u00e0ria EU","twitter_card":"summary_large_image","twitter_misc":{"Escrito por":"Santaul\u00e0ria EU","Tiempo de lectura":"4 minutos"},"schema":{"@context":"https:\/\/schema.org","@graph":[{"@type":"Article","@id":"https:\/\/fustatractada.com\/es\/tipos-de-vallas-de-madera-tratada\/#article","isPartOf":{"@id":"https:\/\/fustatractada.com\/es\/tipos-de-vallas-de-madera-tratada\/"},"author":{"name":"Santaul\u00e0ria EU","@id":"https:\/\/fustatractada.com\/es\/#\/schema\/person\/92a8369f869bb051b92ce3a03bf0f88f"},"headline":"Tipos de vallas de madera tratada y aplicaciones","datePublished":"2026-03-16T09:06:23+00:00","dateModified":"2026-03-16T16:21:16+00:00","mainEntityOfPage":{"@id":"https:\/\/fustatractada.com\/es\/tipos-de-vallas-de-madera-tratada\/"},"wordCount":732,"publisher":{"@id":"https:\/\/fustatractada.com\/es\/#organization"},"image":{"@id":"https:\/\/fustatractada.com\/es\/tipos-de-vallas-de-madera-tratada\/#primaryimage"},"thumbnailUrl":"https:\/\/fustatractada.com\/wp-content\/uploads\/2026\/03\/tanca-texana-exterior.webp","articleSection":["Cerramientos para exterior","Tancaments per exteriors"],"inLanguage":"es"},{"@type":"WebPage","@id":"https:\/\/fustatractada.com\/es\/tipos-de-vallas-de-madera-tratada\/","url":"https:\/\/fustatractada.com\/es\/tipos-de-vallas-de-madera-tratada\/","name":"Tipos de vallas de madera tratada y aplicaciones","isPartOf":{"@id":"https:\/\/fustatractada.com\/es\/#website"},"primaryImageOfPage":{"@id":"https:\/\/fustatractada.com\/es\/tipos-de-vallas-de-madera-tratada\/#primaryimage"},"image":{"@id":"https:\/\/fustatractada.com\/es\/tipos-de-vallas-de-madera-tratada\/#primaryimage"},"thumbnailUrl":"https:\/\/fustatractada.com\/wp-content\/uploads\/2026\/03\/tanca-texana-exterior.webp","datePublished":"2026-03-16T09:06:23+00:00","dateModified":"2026-03-16T16:21:16+00:00","description":"Tipos de vallas de madera tratada para jardines, caminos y espacios p\u00fablicos. Integraci\u00f3n en proyectos de exterior. Durabilidad y est\u00e9tica.","breadcrumb":{"@id":"https:\/\/fustatractada.com\/es\/tipos-de-vallas-de-madera-tratada\/#breadcrumb"},"inLanguage":"es","potentialAction":[{"@type":"ReadAction","target":["https:\/\/fustatractada.com\/es\/tipos-de-vallas-de-madera-tratada\/"]}]},{"@type":"ImageObject","inLanguage":"es","@id":"https:\/\/fustatractada.com\/es\/tipos-de-vallas-de-madera-tratada\/#primaryimage","url":"https:\/\/fustatractada.com\/wp-content\/uploads\/2026\/03\/tanca-texana-exterior.webp","contentUrl":"https:\/\/fustatractada.com\/wp-content\/uploads\/2026\/03\/tanca-texana-exterior.webp","width":800,"height":532,"caption":"cierre tejano"},{"@type":"BreadcrumbList","@id":"https:\/\/fustatractada.com\/es\/tipos-de-vallas-de-madera-tratada\/#breadcrumb","itemListElement":[{"@type":"ListItem","position":1,"name":"Inici","item":"https:\/\/fustatractada.com\/es\/"},{"@type":"ListItem","position":2,"name":"Tipos de vallas de madera tratada y aplicaciones"}]},{"@type":"WebSite","@id":"https:\/\/fustatractada.com\/es\/#website","url":"https:\/\/fustatractada.com\/es\/","name":"Santaul\u00e0ria Equipaments Urbans","description":"Fusta tractada per exterior","publisher":{"@id":"https:\/\/fustatractada.com\/es\/#organization"},"potentialAction":[{"@type":"SearchAction","target":{"@type":"EntryPoint","urlTemplate":"https:\/\/fustatractada.com\/es\/?s={search_term_string}"},"query-input":{"@type":"PropertyValueSpecification","valueRequired":true,"valueName":"search_term_string"}}],"inLanguage":"es"},{"@type":"Organization","@id":"https:\/\/fustatractada.com\/es\/#organization","name":"Santaul\u00e0ria Equipaments Urbans","url":"https:\/\/fustatractada.com\/es\/","logo":{"@type":"ImageObject","inLanguage":"es","@id":"https:\/\/fustatractada.com\/es\/#\/schema\/logo\/image\/","url":"https:\/\/fustatractada.com\/wp-content\/uploads\/2023\/11\/logo-1.png","contentUrl":"https:\/\/fustatractada.com\/wp-content\/uploads\/2023\/11\/logo-1.png","width":150,"height":103,"caption":"Santaul\u00e0ria Equipaments Urbans"},"image":{"@id":"https:\/\/fustatractada.com\/es\/#\/schema\/logo\/image\/"},"sameAs":["https:\/\/www.facebook.com\/Santaularia.Equipaments.Urbans","https:\/\/www.instagram.com\/santaularia_eu\/","https:\/\/es.linkedin.com\/company\/santaulariaequipamentsurbans"]},{"@type":"Person","@id":"https:\/\/fustatractada.com\/es\/#\/schema\/person\/92a8369f869bb051b92ce3a03bf0f88f","name":"Santaul\u00e0ria EU","image":{"@type":"ImageObject","inLanguage":"es","@id":"https:\/\/secure.gravatar.com\/avatar\/b7fb4cff0b30bb664a3fe8271f60c493235311eb1bb917d43fd79a61ae8e99f8?s=96&d=mm&r=g","url":"https:\/\/secure.gravatar.com\/avatar\/b7fb4cff0b30bb664a3fe8271f60c493235311eb1bb917d43fd79a61ae8e99f8?s=96&d=mm&r=g","contentUrl":"https:\/\/secure.gravatar.com\/avatar\/b7fb4cff0b30bb664a3fe8271f60c493235311eb1bb917d43fd79a61ae8e99f8?s=96&d=mm&r=g","caption":"Santaul\u00e0ria EU"},"sameAs":["https:\/\/fustatractada.com"]}]}},"menu_order":0,"_links":{"self":[{"href":"https:\/\/fustatractada.com\/es\/wp-json\/wp\/v2\/posts\/13508","targetHints":{"allow":["GET"]}}],"collection":[{"href":"https:\/\/fustatractada.com\/es\/wp-json\/wp\/v2\/posts"}],"about":[{"href":"https:\/\/fustatractada.com\/es\/wp-json\/wp\/v2\/types\/post"}],"author":[{"embeddable":true,"href":"https:\/\/fustatractada.com\/es\/wp-json\/wp\/v2\/users\/1"}],"replies":[{"embeddable":true,"href":"https:\/\/fustatractada.com\/es\/wp-json\/wp\/v2\/comments?post=13508"}],"version-history":[{"count":16,"href":"https:\/\/fustatractada.com\/es\/wp-json\/wp\/v2\/posts\/13508\/revisions"}],"predecessor-version":[{"id":13648,"href":"https:\/\/fustatractada.com\/es\/wp-json\/wp\/v2\/posts\/13508\/revisions\/13648"}],"wp:featuredmedia":[{"embeddable":true,"href":"https:\/\/fustatractada.com\/es\/wp-json\/wp\/v2\/media\/13509"}],"wp:attachment":[{"href":"https:\/\/fustatractada.com\/es\/wp-json\/wp\/v2\/media?parent=13508"}],"wp:term":[{"taxonomy":"category","embeddable":true,"href":"https:\/\/fustatractada.com\/es\/wp-json\/wp\/v2\/categories?post=13508"},{"taxonomy":"post_tag","embeddable":true,"href":"https:\/\/fustatractada.com\/es\/wp-json\/wp\/v2\/tags?post=13508"}],"curies":[{"name":"wp","href":"https:\/\/api.w.org\/{rel}","templated":true}]}}